{"id":101,"date":"2021-09-14T22:00:00","date_gmt":"2021-09-14T20:00:00","guid":{"rendered":"https:\/\/www.diocesidinuoro.it\/caritas\/la-giornata-mondiale-del-migrante-e-del-rifugiato\/"},"modified":"2022-05-12T16:24:33","modified_gmt":"2022-05-12T14:24:33","slug":"la-giornata-mondiale-del-migrante-e-del-rifugiato","status":"publish","type":"post","link":"https:\/\/www.diocesidinuoro.it\/caritas\/la-giornata-mondiale-del-migrante-e-del-rifugiato\/","title":{"rendered":"La Giornata mondiale del Migrante e del Rifugiato"},"content":{"rendered":"<p style=\"text-align: justify\">Verso un \u201cnoi\u201d sempre pi\u00f9 grande \u00e8 questo il tema che il Santo Padre ha scelto per la Giornata Mondiale del Migrante e del Rifugiato (Gmmr) 2021 che si\u00a0celebrer\u00e0 domenica 26 settembre.\u00a0In questa 107ma Gmmr possiamo trovare un importante appello di Papa Francesco. La costruzione\u00a0di un \u201cnoi\u201d universale che deve diventare realt\u00e0 innanzitutto all\u2019interno della Chiesa, chiamata a fare\u00a0comunione nella diversit\u00e0. La Chiesa deve uscire per le strade delle periferie esistenziali per curare chi\u00a0\u00e8 smarrito, senza paure e pregiudizi. Tutto ci\u00f2 per far s\u00ec che non ci siano pi\u00f9 gli altri, ma solo un noi\u00a0universale.<br \/>\n<strong>La storia.<\/strong> Il 6 dicembre 1914 la Congregazione Concistoriale inviava agli Ordinari Diocesani Italiani la lettera\u00a0circolare \u201cil dolore e le preoccupazioni\u201d nella quale si chiedeva, per la prima volta, di istituire una Giornata\u00a0annuale di sensibilizzazione e, poi, di raccolta di denaro in favore delle opere pastorali per gli emigrati italiani\u00a0e per il sostentamento economico di un Collegio per la preparazione dei missionari d\u2019emigrazione.\u00a0Con il tempo questa giornata divenne sempre pi\u00f9 rilevante dal momento che estese le opere pastorali a tutti\u00a0gli emigrati del mondo e non solamente a quelli italiani. L\u2019Istruzione Erga migrante Caritas Christi, nel 2004,\u00a0constat\u00f2 l\u2019estensione della Giornata anche ai rifugiati.<br \/>\nCos\u00ec il migrante emerse come persona e come cittadino soggetto di diritti e di doveri. Da semplice\u00a0destinatario delle opere della carit\u00e0 cristiana, il migrante pass\u00f2 ad essere soggetto di evangelizzazione,\u00a0protagonista del provvidenziale piano di Dio dell\u2019incontro arricchente tra i popoli e della diffusione del\u00a0Vangelo.<\/p>\n<p style=\"text-align: justify\"><span style=\"color: #ff6600\"><strong>In diocesi.<\/strong><\/span> La diocesi, attraverso la Caritas, nell&#8217;impossibilit\u00e0 di celebrare un evento unitario a causa della emergenza sanitaria ancora in corso, invita le singole parrocchie a promuovere momenti di riflessione e incontro sul tema.<\/p>\n<ul>\n<li>La parrocchia <strong>San Giovanni Battista di Siniscola<\/strong> organizza la Giornata del Migrante per il giorno 27 settembre. L&#8217;appuntamento \u00e8 presso la Casa Tancale alle ore 18. Il programma prevede la proiezione del film &#8220;Fuocoammare&#8221; di Gian Franco Rosi, a seguire un concerto di percussioni africane. A conclusione della serata la lettura di poesie.<\/li>\n<\/ul>\n<h5 style=\"text-align: justify\">Materiali<\/h5>\n<ul>\n<li><a href=\"https:\/\/www.vatican.va\/content\/francesco\/it\/messages\/migration\/documents\/papa-francesco_20210503_world-migrants-day-2021.html\" target=\"_blank\" rel=\"noopener\"><strong>Leggi il Messaggio di Papa Francesco<\/strong><\/a><\/li>\n<li><a href=\"https:\/\/www.diocesidinuoro.it\/wp-content\/uploads\/2021\/09\/Locandina.png\" target=\"_blank\" rel=\"noopener\" data-rel=\"lightbox-image-0\" data-rl_title=\"\" data-rl_caption=\"\" title=\"\"><strong>Scarica la Locandina<\/strong><\/a><\/li>\n<\/ul>\n","protected":false},"excerpt":{"rendered":"<p>Verso un \u201cnoi\u201d sempre pi\u00f9 grande \u00e8 questo il tema che il Santo Padre ha scelto per la Giornata Mondiale del Migrante e del Rifugiato (Gmmr) 2021 che si\u00a0celebrer\u00e0 domenica 26 settembre.\u00a0In questa 107ma Gmmr possiamo trovare un importante appello di Papa Francesco. La costruzione\u00a0di un \u201cnoi\u201d universale che deve diventare realt\u00e0 innanzitutto all\u2019interno della Chiesa, chiamata a fare\u00a0comunione nella diversit\u00e0. La Chiesa deve uscire &hellip; <a href=\"https:\/\/www.diocesidinuoro.it\/caritas\/la-giornata-mondiale-del-migrante-e-del-rifugiato\/\" class=\"more-link\">Continua a leggere <span class=\"screen-reader-text\"><\/span> <span class=\"meta-nav\">&raquo;<\/span><\/a><\/p>\n","protected":false},"author":0,"featured_media":102,"comment_status":"closed","ping_status":"open","sticky":false,"template":"","format":"standard","meta":{"_acf_changed":false,"ip_address":"","user_agent":"","level":"","revision":"","cookie_id":"","page_referer":"","html_form":"","footnotes":""},"categories":[3,2],"tags":[15,45,46,47,48],"acf":[],"_links":{"self":[{"href":"https:\/\/www.diocesidinuoro.it\/caritas\/wp-json\/wp\/v2\/posts\/101"}],"collection":[{"href":"https:\/\/www.diocesidinuoro.it\/caritas\/wp-json\/wp\/v2\/posts"}],"about":[{"href":"https:\/\/www.diocesidinuoro.it\/caritas\/wp-json\/wp\/v2\/types\/post"}],"author":[{"embeddable":true,"href":"https:\/\/www.diocesidinuoro.it\/caritas\/wp-json\/wp\/v2\/users\/3"}],"replies":[{"embeddable":true,"href":"https:\/\/www.diocesidinuoro.it\/caritas\/wp-json\/wp\/v2\/comments?post=101"}],"version-history":[{"count":1,"href":"https:\/\/www.diocesidinuoro.it\/caritas\/wp-json\/wp\/v2\/posts\/101\/revisions"}],"predecessor-version":[{"id":117,"href":"https:\/\/www.diocesidinuoro.it\/caritas\/wp-json\/wp\/v2\/posts\/101\/revisions\/117"}],"wp:featuredmedia":[{"embeddable":true,"href":"https:\/\/www.diocesidinuoro.it\/caritas\/wp-json\/wp\/v2\/media\/102"}],"wp:attachment":[{"href":"https:\/\/www.diocesidinuoro.it\/caritas\/wp-json\/wp\/v2\/media?parent=101"}],"wp:term":[{"taxonomy":"category","embeddable":true,"href":"https:\/\/www.diocesidinuoro.it\/caritas\/wp-json\/wp\/v2\/categories?post=101"},{"taxonomy":"post_tag","embeddable":true,"href":"https:\/\/www.diocesidinuoro.it\/caritas\/wp-json\/wp\/v2\/tags?post=101"}],"curies":[{"name":"wp","href":"https:\/\/api.w.org\/{rel}","templated":true}]}}