{"id":105,"date":"2022-02-28T23:00:00","date_gmt":"2022-02-28T22:00:00","guid":{"rendered":"https:\/\/www.diocesidinuoro.it\/caritas\/pregare-insieme-la-via-crucis-nei-venerdi-di-quaresima\/"},"modified":"2022-05-12T16:24:33","modified_gmt":"2022-05-12T14:24:33","slug":"pregare-insieme-la-via-crucis-nei-venerdi-di-quaresima","status":"publish","type":"post","link":"https:\/\/www.diocesidinuoro.it\/caritas\/pregare-insieme-la-via-crucis-nei-venerdi-di-quaresima\/","title":{"rendered":"Pregare insieme la Via Crucis nei venerd\u00ec di Quaresima"},"content":{"rendered":"<p style=\"text-align: justify\">Per vivere il tempo liturgico della Quaresima, il Servizio Caritas della Diocesi di Nuoro invita a pregare insieme meditando la Via Crucis presso la Cappella della Caritas in Via Lamarmora 138 ogni Venerdi alle 10:30.\u00a0Il momento di preghiera e raccoglimento \u00e8 proposto anche nella modalit\u00e0 di video conferenza per dare la possibilit\u00e0 ai malati, agli anziani e a chiunque lo desideri di partecipare.<\/p>\n<p style=\"text-align: justify\">\u00a0Come partecipare alla Via Crucis? In presenza, presso la Cappella\u00a0nel rispetto delle norme di sicurezza e delle esigenze di protezione dal Covid\u00a0o in video conferenza attraverso la piattaforma Zoom.<br \/>\nCome partecipare alla video conferenza?\u00a0 Invitiamo a scaricare preventivamente sul vostro computer, tablet o telefonino l\u2019applicazione per poter partecipare al\u00a0link:<a href=\"https:\/\/zoom.us\/download#client_4meeting\">\u00a0https:\/\/zoom.us\/download#client_4meeting<\/a><\/p>\n<p style=\"text-align: justify\">Inviare un messaggio con la richiesta di partecipare al numero di cellulare 3382592595.<br \/>\nIl Venerd\u00ec mattina vi verr\u00e0 inviato il messaggio con il link per partecipare.\u00a0 \u00a0Una volta cliccato il link sarete collegati alla Via Crucis.<br \/>\nUna volta entrati nella videoconferenza il vostro microfono\u00a0sar\u00e0\u00a0 muto\u00a0 e dunque non sarete\u00a0\u00a0abilitati a parlare, saranno abilitati soltanto coloro che preventivamente avvisati\u00a0\u00a0guideranno\u00a0i canti, le letture e le preghiere.<br \/>\nPer chi non avesse a casa una persona che lo possa aiutare nella connessione ci contatti sempre al cellulare o via email.<\/p>\n<ul>\n<li><strong><a href=\"https:\/\/www.vatican.va\/content\/francesco\/it\/messages\/lent\/documents\/20211111-messaggio-quaresima2022.html\" target=\"_blank\" rel=\"noopener\">Il Messaggio del Papa<\/a><\/strong><\/li>\n<li><a href=\"https:\/\/www.chiesacattolica.it\/quando-venne-la-pienezza-del-tempo-messaggio-per-la-quaresima\/\" target=\"_blank\" rel=\"noopener\">Il Messaggio dei Vescovi italiani<\/a><\/li>\n<\/ul>\n<p>&nbsp;<\/p>\n","protected":false},"excerpt":{"rendered":"<p>Per vivere il tempo liturgico della Quaresima, il Servizio Caritas della Diocesi di Nuoro invita a pregare insieme meditando la Via Crucis presso la Cappella della Caritas in Via Lamarmora 138 ogni Venerdi alle 10:30.\u00a0Il momento di preghiera e raccoglimento \u00e8 proposto anche nella modalit\u00e0 di video conferenza per dare la possibilit\u00e0 ai malati, agli anziani e a chiunque lo desideri di partecipare. \u00a0Come partecipare &hellip; <a href=\"https:\/\/www.diocesidinuoro.it\/caritas\/pregare-insieme-la-via-crucis-nei-venerdi-di-quaresima\/\" class=\"more-link\">Continua a leggere <span class=\"screen-reader-text\"><\/span> <span class=\"meta-nav\">&raquo;<\/span><\/a><\/p>\n","protected":false},"author":0,"featured_media":106,"comment_status":"closed","ping_status":"open","sticky":false,"template":"","format":"standard","meta":{"_acf_changed":false,"ip_address":"","user_agent":"","level":"","revision":"","cookie_id":"","page_referer":"","html_form":"","footnotes":""},"categories":[3,2],"tags":[15,51,52],"acf":[],"_links":{"self":[{"href":"https:\/\/www.diocesidinuoro.it\/caritas\/wp-json\/wp\/v2\/posts\/105"}],"collection":[{"href":"https:\/\/www.diocesidinuoro.it\/caritas\/wp-json\/wp\/v2\/posts"}],"about":[{"href":"https:\/\/www.diocesidinuoro.it\/caritas\/wp-json\/wp\/v2\/types\/post"}],"author":[{"embeddable":true,"href":"https:\/\/www.diocesidinuoro.it\/caritas\/wp-json\/wp\/v2\/users\/3"}],"replies":[{"embeddable":true,"href":"https:\/\/www.diocesidinuoro.it\/caritas\/wp-json\/wp\/v2\/comments?post=105"}],"version-history":[{"count":1,"href":"https:\/\/www.diocesidinuoro.it\/caritas\/wp-json\/wp\/v2\/posts\/105\/revisions"}],"predecessor-version":[{"id":115,"href":"https:\/\/www.diocesidinuoro.it\/caritas\/wp-json\/wp\/v2\/posts\/105\/revisions\/115"}],"wp:featuredmedia":[{"embeddable":true,"href":"https:\/\/www.diocesidinuoro.it\/caritas\/wp-json\/wp\/v2\/media\/106"}],"wp:attachment":[{"href":"https:\/\/www.diocesidinuoro.it\/caritas\/wp-json\/wp\/v2\/media?parent=105"}],"wp:term":[{"taxonomy":"category","embeddable":true,"href":"https:\/\/www.diocesidinuoro.it\/caritas\/wp-json\/wp\/v2\/categories?post=105"},{"taxonomy":"post_tag","embeddable":true,"href":"https:\/\/www.diocesidinuoro.it\/caritas\/wp-json\/wp\/v2\/tags?post=105"}],"curies":[{"name":"wp","href":"https:\/\/api.w.org\/{rel}","templated":true}]}}