{"id":209,"date":"2022-11-23T18:56:59","date_gmt":"2022-11-23T17:56:59","guid":{"rendered":"https:\/\/www.diocesidinuoro.it\/caritas\/?p=209"},"modified":"2022-11-28T18:20:56","modified_gmt":"2022-11-28T17:20:56","slug":"in-preghiera-verso-il-natale-2022","status":"publish","type":"post","link":"https:\/\/www.diocesidinuoro.it\/caritas\/in-preghiera-verso-il-natale-2022\/","title":{"rendered":"In preghiera verso il Natale 2022"},"content":{"rendered":"<p>L&#8217;Avvento \u00e8 il tempo che la Chiesa ci offre per preparare il cuore all&#8217;arrivo di Ges\u00f9. Quale miglior modo per essere pronti ad un evento cos\u00ec importante se non attraverso la preghiera?<\/p>\n<p><img loading=\"lazy\" decoding=\"async\" class=\"aligncenter wp-image-211 size-full\" src=\"https:\/\/www.diocesidinuoro.it\/caritas\/wp-content\/uploads\/sites\/4\/2022\/11\/PHOTO-2022-11-23-11-09-24.jpg\" alt=\"\" width=\"640\" height=\"1600\" srcset=\"https:\/\/www.diocesidinuoro.it\/caritas\/wp-content\/uploads\/sites\/4\/2022\/11\/PHOTO-2022-11-23-11-09-24.jpg 640w, https:\/\/www.diocesidinuoro.it\/caritas\/wp-content\/uploads\/sites\/4\/2022\/11\/PHOTO-2022-11-23-11-09-24-120x300.jpg 120w, https:\/\/www.diocesidinuoro.it\/caritas\/wp-content\/uploads\/sites\/4\/2022\/11\/PHOTO-2022-11-23-11-09-24-410x1024.jpg 410w, https:\/\/www.diocesidinuoro.it\/caritas\/wp-content\/uploads\/sites\/4\/2022\/11\/PHOTO-2022-11-23-11-09-24-614x1536.jpg 614w, https:\/\/www.diocesidinuoro.it\/caritas\/wp-content\/uploads\/sites\/4\/2022\/11\/PHOTO-2022-11-23-11-09-24-600x1500.jpg 600w\" sizes=\"(max-width: 640px) 100vw, 640px\" \/><\/p>\n<p><span style=\"font-size: inherit\">In prossimit\u00e0 del Natale, la Caritas diocesana presenta la <strong>Recita del Rosario<\/strong> alle 16.15 <strong>del 1, del 7 e del 15 dicembre<\/strong>. Preghiera alla quale sar\u00e0 possibile partecipare in presenza nella <strong>cappella<\/strong> della sede in via Lamarmora 148 a Nuoro, oppure <strong>online<\/strong> tramite la <a href=\"https:\/\/us02web.zoom.us\/j\/81774418573?pwd=RE83RVU5SFBuRHJHM3MxQmpWUmMzdz09\" target=\"_blank\" rel=\"noopener\">piattaforma Zoom<\/a>; \u00e8 importante comunicare previamente la propria adesione inviando un messaggio al numero <em>3382592595<\/em> o una email\u00a0<\/span>all&#8217;indirizzo <em>caritasdinuoro@gmail.com<\/em>.<\/p>\n<p><span style=\"font-size: inherit\">Con l&#8217;apposito spazio di messaggistica qui riportato \u00e8 possibile anche\u00a0<\/span><strong style=\"font-size: inherit\">affidare le proprie intenzioni<\/strong><span style=\"font-size: inherit\">\u00a0e condividerle in forma <\/span><strong style=\"font-size: inherit\">assolutamente anonima. <\/strong>Ogni richiesta sar\u00e0 presentata in questi momenti: una grazia di cui si ha fortemente bisogno, una richiesta di aiuto per s\u00e9 o per altri, un sostegno necessario di fronte a situazioni di vita familiari o lavorative\u2026<\/p>\n<div style=\"width: 800px;\" class=\"wp-video\"><!--[if lt IE 9]><script>document.createElement('video');<\/script><![endif]-->\n<video class=\"wp-video-shortcode\" id=\"video-209-1\" width=\"800\" height=\"800\" preload=\"metadata\" controls=\"controls\"><source type=\"video\/mp4\" src=\"https:\/\/www.diocesidinuoro.it\/caritas\/wp-content\/uploads\/sites\/4\/2022\/11\/VIDEO-2022-11-23-11-09-47.mp4?_=1\" \/><a href=\"https:\/\/www.diocesidinuoro.it\/caritas\/wp-content\/uploads\/sites\/4\/2022\/11\/VIDEO-2022-11-23-11-09-47.mp4\">https:\/\/www.diocesidinuoro.it\/caritas\/wp-content\/uploads\/sites\/4\/2022\/11\/VIDEO-2022-11-23-11-09-47.mp4<\/a><\/video><\/div>\n<p>&nbsp;<\/p>\n<noscript class=\"ninja-forms-noscript-message\">\n\tAvviso: JavaScript \u00e8 obbligatorio per questo contenuto.<\/noscript>\n<div id=\"nf-form-2-cont\" class=\"nf-form-cont\" aria-live=\"polite\" aria-labelledby=\"nf-form-title-2\" aria-describedby=\"nf-form-errors-2\" role=\"form\">\n\n    <div class=\"nf-loading-spinner\"><\/div>\n\n<\/div>\n        <!-- That data is being printed as a workaround to page builders reordering the order of the scripts loaded-->\n        <script>var formDisplay=1;var nfForms=nfForms||[];var form=[];form.id='2';form.settings={\"objectType\":\"Form Setting\",\"editActive\":\"\",\"title\":\"In preghiera verso il Natale 2022\",\"created_at\":\"2022-11-28 15:59:23\",\"form_title\":\"In preghiera verso il Natale 2022\",\"default_label_pos\":\"above\",\"show_title\":\"1\",\"clear_complete\":\"1\",\"hide_complete\":\"1\",\"logged_in\":\"0\",\"wrapper_class\":\"\",\"element_class\":\"\",\"key\":\"\",\"add_submit\":\"0\",\"currency\":\"\",\"unique_field_error\":\"A form with this value has already been submitted.\",\"not_logged_in_msg\":\"\",\"sub_limit_msg\":\"The form has reached its submission limit.\",\"calculations\":[],\"formContentData\":[\"firstname_1669646582414\",\"lastname_1669646584464\",\"email_1669646589695\",\"textarea_1669646604378\",\"consenso_obbligatorio_1669647179728\",\"submit_1669646637627\"],\"allow_public_link\":0,\"embed_form\":\"\",\"ninjaForms\":\"Ninja Forms\",\"changeEmailErrorMsg\":\"Immetti un indirizzo email valido.\",\"changeDateErrorMsg\":\"Please enter a valid date!\",\"confirmFieldErrorMsg\":\"Questi campi devono corrispondere.\",\"fieldNumberNumMinError\":\"Errore numero min\",\"fieldNumberNumMaxError\":\"Errore numero max\",\"fieldNumberIncrementBy\":\"Incrementa di \",\"fieldTextareaRTEInsertLink\":\"Inserisci link\",\"fieldTextareaRTEInsertMedia\":\"Inserisci media\",\"fieldTextareaRTESelectAFile\":\"Seleziona un file\",\"formErrorsCorrectErrors\":\"Correggi gli errori prima di inviare il form.\",\"formHoneypot\":\"Se sei un essere umano e vedi questo campo, lascialo vuoto.\",\"validateRequiredField\":\"Campo obbligatorio.\",\"honeypotHoneypotError\":\"Errore Honeypot\",\"fileUploadOldCodeFileUploadInProgress\":\"Caricamento file in corso.\",\"fileUploadOldCodeFileUpload\":\"CARICAMENTO FILE\",\"currencySymbol\":\"&#36;\",\"fieldsMarkedRequired\":\"I campi contrassegnati con <span class=\\\"ninja-forms-req-symbol\\\">*<\\\/span> sono obbligatori.\",\"thousands_sep\":\".\",\"decimal_point\":\",\",\"siteLocale\":\"it_IT\",\"dateFormat\":\"m\\\/d\\\/Y\",\"startOfWeek\":\"1\",\"of\":\"di\",\"previousMonth\":\"Previous Month\",\"nextMonth\":\"Next Month\",\"months\":[\"January\",\"February\",\"March\",\"April\",\"May\",\"June\",\"July\",\"August\",\"September\",\"October\",\"November\",\"December\"],\"monthsShort\":[\"Jan\",\"Feb\",\"Mar\",\"Apr\",\"May\",\"Jun\",\"Jul\",\"Aug\",\"Sep\",\"Oct\",\"Nov\",\"Dec\"],\"weekdays\":[\"Sunday\",\"Monday\",\"Tuesday\",\"Wednesday\",\"Thursday\",\"Friday\",\"Saturday\"],\"weekdaysShort\":[\"Sun\",\"Mon\",\"Tue\",\"Wed\",\"Thu\",\"Fri\",\"Sat\"],\"weekdaysMin\":[\"Su\",\"Mo\",\"Tu\",\"We\",\"Th\",\"Fr\",\"Sa\"],\"recaptchaConsentMissing\":\"reCaptcha validation couldn&#039;t load.\",\"recaptchaMissingCookie\":\"reCaptcha v3 validation couldn&#039;t load the cookie needed to submit the form.\",\"recaptchaConsentEvent\":\"Accept reCaptcha cookies before sending the form.\",\"currency_symbol\":\"\",\"beforeForm\":\"\",\"beforeFields\":\"\",\"afterFields\":\"\",\"afterForm\":\"\"};form.fields=[{\"objectType\":\"Field\",\"objectDomain\":\"fields\",\"editActive\":false,\"order\":1,\"idAttribute\":\"id\",\"label\":\"Nome\",\"type\":\"firstname\",\"key\":\"firstname_1669646582414\",\"label_pos\":\"above\",\"required\":1,\"default\":\"\",\"placeholder\":\"\",\"container_class\":\"\",\"element_class\":\"\",\"admin_label\":\"\",\"help_text\":\"\",\"custom_name_attribute\":\"fname\",\"personally_identifiable\":1,\"value\":\"\",\"drawerDisabled\":\"\",\"field_label\":\"Nome\",\"field_key\":\"firstname_1669646582414\",\"id\":5,\"beforeField\":\"\",\"afterField\":\"\",\"parentType\":\"firstname\",\"element_templates\":[\"firstname\",\"input\"],\"old_classname\":\"\",\"wrap_template\":\"wrap\"},{\"objectType\":\"Field\",\"objectDomain\":\"fields\",\"editActive\":false,\"order\":2,\"idAttribute\":\"id\",\"label\":\"Cognome\",\"type\":\"lastname\",\"key\":\"lastname_1669646584464\",\"label_pos\":\"above\",\"required\":1,\"default\":\"\",\"placeholder\":\"\",\"container_class\":\"\",\"element_class\":\"\",\"admin_label\":\"\",\"help_text\":\"\",\"custom_name_attribute\":\"lname\",\"personally_identifiable\":1,\"value\":\"\",\"drawerDisabled\":\"\",\"field_label\":\"Cognome\",\"field_key\":\"lastname_1669646584464\",\"id\":6,\"beforeField\":\"\",\"afterField\":\"\",\"parentType\":\"lastname\",\"element_templates\":[\"lastname\",\"input\"],\"old_classname\":\"\",\"wrap_template\":\"wrap\"},{\"objectType\":\"Field\",\"objectDomain\":\"fields\",\"editActive\":false,\"order\":3,\"idAttribute\":\"id\",\"label\":\"Email\",\"type\":\"email\",\"key\":\"email_1669646589695\",\"label_pos\":\"above\",\"required\":1,\"default\":\"\",\"placeholder\":\"\",\"container_class\":\"\",\"element_class\":\"\",\"admin_label\":\"\",\"help_text\":\"\",\"custom_name_attribute\":\"email\",\"personally_identifiable\":1,\"value\":\"\",\"drawerDisabled\":\"\",\"field_label\":\"Email\",\"field_key\":\"email_1669646589695\",\"id\":7,\"beforeField\":\"\",\"afterField\":\"\",\"parentType\":\"email\",\"element_templates\":[\"email\",\"input\"],\"old_classname\":\"\",\"wrap_template\":\"wrap\"},{\"objectType\":\"Field\",\"objectDomain\":\"fields\",\"editActive\":false,\"order\":4,\"idAttribute\":\"id\",\"label\":\"Testo del paragrafo\",\"type\":\"textarea\",\"key\":\"textarea_1669646604378\",\"label_pos\":\"above\",\"required\":\"\",\"default\":\"\",\"placeholder\":\"\",\"container_class\":\"\",\"element_class\":\"\",\"input_limit\":\"\",\"input_limit_type\":\"characters\",\"input_limit_msg\":\"Caratteri rimasti\",\"manual_key\":\"\",\"admin_label\":\"\",\"help_text\":\"\",\"textarea_rte\":\"\",\"disable_rte_mobile\":\"\",\"textarea_media\":\"\",\"value\":\"\",\"field_label\":\"Testo del paragrafo\",\"field_key\":\"textarea_1669646604378\",\"id\":8,\"beforeField\":\"\",\"afterField\":\"\",\"parentType\":\"textarea\",\"element_templates\":[\"textarea\",\"input\"],\"old_classname\":\"\",\"wrap_template\":\"wrap\"},{\"objectType\":\"Field\",\"objectDomain\":\"fields\",\"editActive\":false,\"order\":5,\"idAttribute\":\"id\",\"label\":\"Consenso obbligatorio\",\"type\":\"checkbox\",\"key\":\"consenso_obbligatorio_1669647179728\",\"label_pos\":\"right\",\"required\":1,\"container_class\":\"\",\"element_class\":\"\",\"manual_key\":\"\",\"admin_label\":\"\",\"help_text\":\"\",\"desc_text\":\"Acconsento al trattamento dei miei dati personali inseriti nel form ai sensi del Reg. EU 679\\\/2016\",\"default_value\":\"unchecked\",\"checked_value\":\"Selezionato\",\"unchecked_value\":\"Deselezionato\",\"checked_calc_value\":\"\",\"unchecked_calc_value\":\"\",\"drawerDisabled\":\"\",\"default\":\"unchecked\",\"field_label\":\"Consenso obbligatorio\",\"field_key\":\"consenso_obbligatorio_1669647179728\",\"value\":\"unchecked\",\"id\":9,\"beforeField\":\"\",\"afterField\":\"\",\"parentType\":\"checkbox\",\"element_templates\":[\"checkbox\",\"input\"],\"old_classname\":\"\",\"wrap_template\":\"wrap\"},{\"objectType\":\"Field\",\"objectDomain\":\"fields\",\"editActive\":false,\"order\":6,\"idAttribute\":\"id\",\"label\":\"Invia\",\"type\":\"submit\",\"processing_label\":\"Processing\",\"container_class\":\"\",\"element_class\":\"\",\"key\":\"submit_1669646637627\",\"field_label\":\"Invia\",\"field_key\":\"submit_1669646637627\",\"id\":10,\"beforeField\":\"\",\"afterField\":\"\",\"value\":\"\",\"label_pos\":\"above\",\"parentType\":\"textbox\",\"element_templates\":[\"submit\",\"button\",\"input\"],\"old_classname\":\"\",\"wrap_template\":\"wrap-no-label\"}];nfForms.push(form);<\/script>\n        <hr class=\"wpba_attachment_hr\"><div id='wpba_attachment_list' class='wpba wpba-wrap'>\n<ul class='wpba-attachment-list unstyled'><li id='wpba_attachment_list_212' class='wpba-list-item pull-left'><img src='https:\/\/www.diocesidinuoro.it\/caritas\/wp-content\/themes\/wp-starter-so\/icons\/play.png' width='16' height='20' class='wpba-icon pull-left'><a href='https:\/\/www.diocesidinuoro.it\/caritas\/wp-content\/uploads\/sites\/4\/2022\/11\/VIDEO-2022-11-23-11-09-47.mp4' title='VIDEO-2022-11-23-11-09-47' class='wpba-link pull-left' target=\"_blank\">VIDEO-2022-11-23-11-09-47<\/a><\/li>\n<\/ul><\/div>\n","protected":false},"excerpt":{"rendered":"<p>L&#8217;Avvento \u00e8 il tempo che la Chiesa ci offre per preparare il cuore all&#8217;arrivo di Ges\u00f9. Quale miglior modo per essere pronti ad un evento cos\u00ec importante se non attraverso la preghiera? In prossimit\u00e0 del Natale, la Caritas diocesana presenta la Recita del Rosario alle 16.15 del 1, del 7 e del 15 dicembre. Preghiera alla quale sar\u00e0 possibile partecipare in presenza nella cappella della &hellip; <a href=\"https:\/\/www.diocesidinuoro.it\/caritas\/in-preghiera-verso-il-natale-2022\/\" class=\"more-link\">Continua a leggere <span class=\"screen-reader-text\"><\/span> <span class=\"meta-nav\">&raquo;<\/span><\/a><\/p>\n","protected":false},"author":0,"featured_media":210,"comment_status":"closed","ping_status":"closed","sticky":false,"template":"","format":"standard","meta":{"_acf_changed":false,"ip_address":"","user_agent":"","level":"","revision":"","cookie_id":"","page_referer":"","html_form":"","footnotes":""},"categories":[36,3,2],"tags":[10,11,57,21,58],"acf":[],"_links":{"self":[{"href":"https:\/\/www.diocesidinuoro.it\/caritas\/wp-json\/wp\/v2\/posts\/209"}],"collection":[{"href":"https:\/\/www.diocesidinuoro.it\/caritas\/wp-json\/wp\/v2\/posts"}],"about":[{"href":"https:\/\/www.diocesidinuoro.it\/caritas\/wp-json\/wp\/v2\/types\/post"}],"author":[{"embeddable":true,"href":"https:\/\/www.diocesidinuoro.it\/caritas\/wp-json\/wp\/v2\/users\/6"}],"replies":[{"embeddable":true,"href":"https:\/\/www.diocesidinuoro.it\/caritas\/wp-json\/wp\/v2\/comments?post=209"}],"version-history":[{"count":8,"href":"https:\/\/www.diocesidinuoro.it\/caritas\/wp-json\/wp\/v2\/posts\/209\/revisions"}],"predecessor-version":[{"id":221,"href":"https:\/\/www.diocesidinuoro.it\/caritas\/wp-json\/wp\/v2\/posts\/209\/revisions\/221"}],"wp:featuredmedia":[{"embeddable":true,"href":"https:\/\/www.diocesidinuoro.it\/caritas\/wp-json\/wp\/v2\/media\/210"}],"wp:attachment":[{"href":"https:\/\/www.diocesidinuoro.it\/caritas\/wp-json\/wp\/v2\/media?parent=209"}],"wp:term":[{"taxonomy":"category","embeddable":true,"href":"https:\/\/www.diocesidinuoro.it\/caritas\/wp-json\/wp\/v2\/categories?post=209"},{"taxonomy":"post_tag","embeddable":true,"href":"https:\/\/www.diocesidinuoro.it\/caritas\/wp-json\/wp\/v2\/tags?post=209"}],"curies":[{"name":"wp","href":"https:\/\/api.w.org\/{rel}","templated":true}]}}