{"id":22,"date":"2019-01-30T23:00:00","date_gmt":"2019-01-30T22:00:00","guid":{"rendered":"https:\/\/www.diocesidinuoro.it\/caritas\/il-concorso-comunita-che-condividono-creiamo-legami\/"},"modified":"2022-05-12T16:24:34","modified_gmt":"2022-05-12T14:24:34","slug":"il-concorso-comunita-che-condividono-creiamo-legami","status":"publish","type":"post","link":"https:\/\/www.diocesidinuoro.it\/caritas\/il-concorso-comunita-che-condividono-creiamo-legami\/","title":{"rendered":"Il concorso &#8220;Comunit\u00e0 che condividono, creiamo legami&#8221;"},"content":{"rendered":"<div>Oggi le piccole e grandi comunit\u00e0 in cui viviamo \u2013 dal quartiere alla citt\u00e0, dalla famiglia al condominio, dalla singola classe all\u2019intera istituzione scolastica &#8211; sono realt\u00e0 complesse, spesso fragili; mutano e portano noi stessi ad adattarci al mutamento, pur mantenendo la propria identit\u00e0. Cogliendo i segni dei tempi, dobbiamo avere la capacit\u00e0 di non lasciarci sfuggire tutte le opportunit\u00e0 di sviluppo e crescita.<br \/>\nPer questo il Ministero dell\u2019 Istruzione, dell\u2019Universit\u00e0 e della Ricerca, in collaborazione con Caritas Italiana, nell&#8217;ambito del Protocollo d&#8217;intesa stipulato (<a href=\"http:\/\/www.caritasitaliana.it\/caritasitaliana\/allegati\/7338\/Protocollo%20d'Intesa%20MIUR_CARITAS%20ITALIANA.pdf\" target=\"_blank\" rel=\"noopener\">vedi Protocollo 2017-2020<\/a>), indice il Concorso Nazionale dal titolo\u00a0<strong>\u201cComunit\u00e0 che condividono: creiamo legami\u201d<\/strong>\u00a0(<a href=\"https:\/\/bit.ly\/2Pa9wCn\" target=\"_blank\" rel=\"noopener\">vedi Circolare<\/a>\u00a0e\u00a0<a href=\"http:\/\/www.caritasitaliana.it\/pls\/caritasitaliana\/v3_s2ew_consultazione.redir_allegati_doc?p_id_pagina=7863&amp;p_id_allegato=6075&amp;p_url_rimando=\/caritasitaliana\/allegati\/7863\/bando%20di%20concorso%20Miur%20-%20CARITAS%202018.19.pdf\" target=\"_blank\" rel=\"noopener\">scarica il bando di concorso<\/a>).<br \/>\nL\u2019elemento centrale di questa proposta \u00e8 sottolineare l\u2019importanza di costruire una nuova cultura, intessuta di pratiche sociali, relazioni, per creare legami e dar vita a comunit\u00e0 capaci di condividere e affrontare nuove e stimolanti sfide.<br \/>\nL\u2019obiettivo, in fondo, \u00e8 quello di partire dal cambiamento di s\u00e9 per giungere ad un cambiamento della societ\u00e0.<br \/>\nAlcune parole chiave da tener presenti sono:<br \/>\n\u2022 condivisione, intesa come dividere, avere in comune con gli altri;<br \/>\n\u2022 relazione, come processo di dialogo e base su cui costruire comunit\u00e0, che proprio dalle relazioni solidali traggono nuove possibilit\u00e0 di arricchimento;<br \/>\n\u2022coesione, che non \u00e8 solo un obiettivo a cui guardare, ma un contesto da costruire insieme ad altri, facendo alleanze.<br \/>\n\u201cL\u2019io e la comunit\u00e0 \u2013 ci ricorda il Papa &#8211; non sono concorrenti tra loro, ma l\u2019io pu\u00f2 maturare solo in presenza di rapporti interpersonali autentici e la comunit\u00e0 \u00e8 generatrice quando lo sono tutti e singolarmente i suoi componenti.\u201d.<br \/>\nIl concorso \u00e8 destinato agli studenti delle Istituzioni scolastiche di ogni ordine e grado, in forma individuale o in gruppo, i quali sono invitati a documentarsi nelle pagine dedicate al tema e qui linkate. Successivamente, a seguito di una attenta lettura dei materiali informativi, si \u00e8 chiesto agli studenti di individuare una o pi\u00f9 modalit\u00e0, di seguito riportate, nelle quali candidare i propri lavori.<\/div>\n<div>\n\u2022\u00a0\u00a0\u00a0 1 fotografia\/disegno,<br \/>\n\u2022\u00a0\u00a0\u00a0 oppure un breve scritto (max. 1.800 battute spazi inclusi),<br \/>\n\u2022\u00a0\u00a0\u00a0 oppure un breve video\/spot (max 2 minuti).<\/p>\n<p>Gli elaborati, accompagnati dalla scheda di iscrizione posta in allegato (All.A &#8211;\u00a0<a href=\"http:\/\/www.caritasitaliana.it\/pls\/caritasitaliana\/v3_s2ew_consultazione.redir_allegati_doc?p_id_pagina=7863&amp;p_id_allegato=6071&amp;p_url_rimando=\/caritasitaliana\/allegati\/7863\/Allegato%20A.docx\" target=\"_blank\" rel=\"noopener\">scarica in formato word<\/a>), contenente i dati anagrafici dei partecipanti e i dati della scuola di appartenenza, e da un\u2019eventuale altra scheda esplicativa del percorso didattico realizzato, devono essere inviate\u00a0<strong>entro e non oltre il 28 febbraio 2019<\/strong>, alla casella\u00a0<strong>concorso.miur@caritas.it<\/strong>.<\/div>\n","protected":false},"excerpt":{"rendered":"<p>Oggi le piccole e grandi comunit\u00e0 in cui viviamo \u2013 dal quartiere alla citt\u00e0, dalla famiglia al condominio, dalla singola classe all\u2019intera istituzione scolastica &#8211; sono realt\u00e0 complesse, spesso fragili; mutano e portano noi stessi ad adattarci al mutamento, pur mantenendo la propria identit\u00e0. Cogliendo i segni dei tempi, dobbiamo avere la capacit\u00e0 di non lasciarci sfuggire tutte le opportunit\u00e0 di sviluppo e crescita. Per &hellip; <a href=\"https:\/\/www.diocesidinuoro.it\/caritas\/il-concorso-comunita-che-condividono-creiamo-legami\/\" class=\"more-link\">Continua a leggere <span class=\"screen-reader-text\"><\/span> <span class=\"meta-nav\">&raquo;<\/span><\/a><\/p>\n","protected":false},"author":0,"featured_media":23,"comment_status":"closed","ping_status":"open","sticky":false,"template":"","format":"standard","meta":{"_acf_changed":false,"ip_address":"","user_agent":"","level":"","revision":"","cookie_id":"","page_referer":"","html_form":"","footnotes":""},"categories":[3,2],"tags":[13,14],"acf":[],"_links":{"self":[{"href":"https:\/\/www.diocesidinuoro.it\/caritas\/wp-json\/wp\/v2\/posts\/22"}],"collection":[{"href":"https:\/\/www.diocesidinuoro.it\/caritas\/wp-json\/wp\/v2\/posts"}],"about":[{"href":"https:\/\/www.diocesidinuoro.it\/caritas\/wp-json\/wp\/v2\/types\/post"}],"author":[{"embeddable":true,"href":"https:\/\/www.diocesidinuoro.it\/caritas\/wp-json\/wp\/v2\/users\/3"}],"replies":[{"embeddable":true,"href":"https:\/\/www.diocesidinuoro.it\/caritas\/wp-json\/wp\/v2\/comments?post=22"}],"version-history":[{"count":1,"href":"https:\/\/www.diocesidinuoro.it\/caritas\/wp-json\/wp\/v2\/posts\/22\/revisions"}],"predecessor-version":[{"id":149,"href":"https:\/\/www.diocesidinuoro.it\/caritas\/wp-json\/wp\/v2\/posts\/22\/revisions\/149"}],"wp:featuredmedia":[{"embeddable":true,"href":"https:\/\/www.diocesidinuoro.it\/caritas\/wp-json\/wp\/v2\/media\/23"}],"wp:attachment":[{"href":"https:\/\/www.diocesidinuoro.it\/caritas\/wp-json\/wp\/v2\/media?parent=22"}],"wp:term":[{"taxonomy":"category","embeddable":true,"href":"https:\/\/www.diocesidinuoro.it\/caritas\/wp-json\/wp\/v2\/categories?post=22"},{"taxonomy":"post_tag","embeddable":true,"href":"https:\/\/www.diocesidinuoro.it\/caritas\/wp-json\/wp\/v2\/tags?post=22"}],"curies":[{"name":"wp","href":"https:\/\/api.w.org\/{rel}","templated":true}]}}