{"id":226,"date":"2023-02-04T21:01:11","date_gmt":"2023-02-04T20:01:11","guid":{"rendered":"https:\/\/www.diocesidinuoro.it\/caritas\/?p=226"},"modified":"2023-02-04T21:01:11","modified_gmt":"2023-02-04T20:01:11","slug":"giornata-mondiale-contro-la-tratta-di-esseri-umani","status":"publish","type":"post","link":"https:\/\/www.diocesidinuoro.it\/caritas\/giornata-mondiale-contro-la-tratta-di-esseri-umani\/","title":{"rendered":"Giornata mondiale contro la tratta di esseri umani"},"content":{"rendered":"<p style=\"font-weight: 400\">L\u2019<strong>8 febbraio<\/strong> \u00e8 stata istituita la <strong>Giornata Mondiale di Riflessione e Preghiera contro la Tratta di Esseri Umani<\/strong> in ricordo di <strong>Santa Giuseppina Bakhita<\/strong>, una giovane donna sudanese rapita, venduta ai trafficanti e ridotta in schiavit\u00f9 da bambina. Giunta in Italia scopre la fede e sceglie di prendere i voti, ritrovando la libert\u00e0 e dedicando la sua nuova vita all\u2019aiuto del prossimo. Nominata Santa nel 2000 \u00e8 diventata il simbolo della tratta e della sensibilizzazione verso il tema del traffico di esseri umani. Quest\u2019anno ricorre il <strong>nono anniversario<\/strong> della celebrazione e la prossima settimana avranno luogo <strong>nel nostro territorio<\/strong> diversi eventi per porre l\u2019attenzione sul fenomeno e creare un\u2019occasione di comune riflessione. La Congregazione delle Figlie della Carit\u00e0 di San Vincenzo d\u00e9 Paoli da 20 anni realizza <strong>in Sardegna il<\/strong><em><strong> Progetto Elen Joy<\/strong> <\/em>che offre assistenza alle persone riconosciute vittime del reato di tratta di esseri umani attraverso un percorso di protezione e reinserimento sociale. Lo sfruttamento di uomini e donne anche nel nostro territorio si \u00e8 \u201cevoluto\u201d mediante il ricorso dei trafficanti alla tecnologia informatica per adescare le vittime sulle reti social, piattaforme digitali, diffondendo sul web falsi annunci di lavoro con promesse di una vita migliore.<\/p>\n<p style=\"font-weight: 400\">Il <strong>tema<\/strong> della giornata per il 2023 \u00e8 \u201c<em>Camminare per la dignit\u00e0<\/em>\u201d e a <strong>Cagliari<\/strong> verr\u00e0 ricordata, nello stesso giorno, con un seminario formativo dal titolo: <em>Camminare per la dignit\u00e0: fenomeni migratori complessi ed evoluzione delle forme di sfruttamento\u201d <\/em>in programma <strong>dalle ore 10 alle 13 nella Casa Provinciale<\/strong><em>. <\/em>Il seminario, <a href=\"https:\/\/us02web.zoom.us\/j\/88516569675?pwd=a2Y2MEtkQStDS21iU01iY0labFF3dz09\" target=\"_blank\" rel=\"noopener\">disponibile <strong>anche in streaming<\/strong><\/a>, vuole offrire un approfondimento sul fenomeno della tratta e dello sfruttamento lavorativo attraverso il contributo dei partner che costituiscono la rete di collaborazione nella lotta al fenomeno.<\/p>\n<p style=\"font-weight: 400\">Sempre nel cagliaritano, nella serata di <strong>Mercoled\u00ec 8 febbraio alle 20.00,<\/strong> si celebrer\u00e0 una veglia di preghiera dalla Parrocchia Sacro Cuore di <strong>Quartu Sant\u2019Elena<\/strong>, presieduta dal missionario vincenziano padre <strong>Antonello Piras<\/strong>;\u00a0<a href=\"http:\/\/www.facebook.com\/fdcsardegna.it\" target=\"_blank\" rel=\"noopener\">anche questo evento verr\u00e0 trasmesso <strong>in diretta streaming<\/strong>.<\/a><\/p>\n<p style=\"font-weight: 400\">La sensibilizzazione passa soprattutto attraverso l\u2019educazione delle nuove generazioni e quest\u2019 anno l\u2019iniziativa <strong>nelle scuole della citt\u00e0 di Nuoro<\/strong> ha volutamente interessato le classi 4A e B della Scuola Primaria San Pietro \u00a0e le classi in uscita della Scuola dell\u2019Infanzia don Francesco Guiso Gallisai, con l\u2019obiettivo di creare un momento di condivisione e di gioco con il racconto della storia di Santa Bakhita e della sua esperienza di vita, attraverso un\u2019esperienza ludica con le educatrici da riproporre anche in famiglia.<\/p>\n<p style=\"font-weight: 400\">Al fine di coinvolgere la cittadinanza possibili partir\u00e0 in contemporanea l\u2019iniziativa<strong> \u201cAccendi una luce contro la tratta\u201d<\/strong>che come gli anni precedenti invita ogni casa e famiglia ad accendere una luce aggiuntiva, una candela, come simbolo della lotta contro la tratta di persone. All\u2019iniziativa <a href=\"http:\/\/www.facebook.com\/elenjoy.sardegna\" target=\"_blank\" rel=\"noopener\">\u00e8 collegato un <strong>contest fotografico<\/strong><\/a> che premier\u00e0 il contributo pi\u00f9 suggestivo ed evocativo che rappresenter\u00e0 un senso di condivisione e vicinanza al tema.<\/p>\n<hr \/>\n<p><em><span style=\"color: #ff0000\">Si allegano i comunicati e le locandine della Giornata.<\/span><\/em><\/p>\n<p><img loading=\"lazy\" decoding=\"async\" class=\"alignnone size-large wp-image-230\" src=\"https:\/\/www.diocesidinuoro.it\/caritas\/wp-content\/uploads\/sites\/4\/2023\/02\/ita-fb-big-1024x576.png\" alt=\"\" width=\"800\" height=\"450\" srcset=\"https:\/\/www.diocesidinuoro.it\/caritas\/wp-content\/uploads\/sites\/4\/2023\/02\/ita-fb-big-1024x576.png 1024w, https:\/\/www.diocesidinuoro.it\/caritas\/wp-content\/uploads\/sites\/4\/2023\/02\/ita-fb-big-300x169.png 300w, https:\/\/www.diocesidinuoro.it\/caritas\/wp-content\/uploads\/sites\/4\/2023\/02\/ita-fb-big-768x432.png 768w, https:\/\/www.diocesidinuoro.it\/caritas\/wp-content\/uploads\/sites\/4\/2023\/02\/ita-fb-big-1536x864.png 1536w, https:\/\/www.diocesidinuoro.it\/caritas\/wp-content\/uploads\/sites\/4\/2023\/02\/ita-fb-big-600x337.png 600w, https:\/\/www.diocesidinuoro.it\/caritas\/wp-content\/uploads\/sites\/4\/2023\/02\/ita-fb-big-1200x675.png 1200w, https:\/\/www.diocesidinuoro.it\/caritas\/wp-content\/uploads\/sites\/4\/2023\/02\/ita-fb-big-800x450.png 800w, https:\/\/www.diocesidinuoro.it\/caritas\/wp-content\/uploads\/sites\/4\/2023\/02\/ita-fb-big.png 1641w\" sizes=\"(max-width: 800px) 100vw, 800px\" \/><\/p>\n<p><a href=\"https:\/\/www.diocesidinuoro.it\/caritas\/wp-content\/uploads\/sites\/4\/2023\/02\/comunicato-scuole-8-febbraio-2023.pdf\">comunicato scuole 8 febbraio 2023<\/a><\/p>\n<p><a href=\"https:\/\/www.diocesidinuoro.it\/caritas\/wp-content\/uploads\/sites\/4\/2023\/02\/Vittimetratta-2023.pdf\">Vittimetratta 2023<\/a><\/p>\n<p><a href=\"https:\/\/www.diocesidinuoro.it\/caritas\/wp-content\/uploads\/sites\/4\/2023\/02\/Copia-di-Giornata-mondiale-di-preghiera-e-riflessione-contro-la-tratta-di-persone.pdf\">Copia di Giornata mondiale di preghiera e riflessione contro la tratta di persone<\/a><\/p>\n<p><a href=\"https:\/\/www.diocesidinuoro.it\/caritas\/wp-content\/uploads\/sites\/4\/2023\/02\/Locandina-8-febbraio-2023.pdf\">Locandina 8 febbraio 2023<\/a><\/p>\n<hr class=\"wpba_attachment_hr\"><div id='wpba_attachment_list' class='wpba wpba-wrap'>\n<ul class='wpba-attachment-list unstyled'><li id='wpba_attachment_list_228' class='wpba-list-item pull-left'><img src='https:\/\/www.diocesidinuoro.it\/caritas\/wp-content\/themes\/wp-starter-so\/icons\/document.png' width='16' height='20' class='wpba-icon pull-left'><a href='https:\/\/www.diocesidinuoro.it\/caritas\/wp-content\/uploads\/sites\/4\/2023\/02\/comunicato-scuole-8-febbraio-2023.pdf' title='comunicato scuole 8 febbraio 2023' class='wpba-link pull-left' target=\"_blank\">comunicato scuole 8 febbraio 2023<\/a><\/li>\n<li id='wpba_attachment_list_229' class='wpba-list-item pull-left'><img src='https:\/\/www.diocesidinuoro.it\/caritas\/wp-content\/themes\/wp-starter-so\/icons\/document.png' width='16' height='20' class='wpba-icon pull-left'><a href='https:\/\/www.diocesidinuoro.it\/caritas\/wp-content\/uploads\/sites\/4\/2023\/02\/Vittimetratta-2023.pdf' title='Vittimetratta 2023' class='wpba-link pull-left' target=\"_blank\">Vittimetratta 2023<\/a><\/li>\n<li id='wpba_attachment_list_231' class='wpba-list-item pull-left'><img src='https:\/\/www.diocesidinuoro.it\/caritas\/wp-content\/themes\/wp-starter-so\/icons\/document.png' width='16' height='20' class='wpba-icon pull-left'><a href='https:\/\/www.diocesidinuoro.it\/caritas\/wp-content\/uploads\/sites\/4\/2023\/02\/Copia-di-Giornata-mondiale-di-preghiera-e-riflessione-contro-la-tratta-di-persone.pdf' title='Copia di Giornata mondiale di preghiera e riflessione contro la tratta di persone' class='wpba-link pull-left' target=\"_blank\">Copia di Giornata mondiale di preghiera e riflessione contro la tratta di persone<\/a><\/li>\n<li id='wpba_attachment_list_232' class='wpba-list-item pull-left'><img src='https:\/\/www.diocesidinuoro.it\/caritas\/wp-content\/themes\/wp-starter-so\/icons\/document.png' width='16' height='20' class='wpba-icon pull-left'><a href='https:\/\/www.diocesidinuoro.it\/caritas\/wp-content\/uploads\/sites\/4\/2023\/02\/Locandina-8-febbraio-2023.pdf' title='Locandina 8 febbraio 2023' class='wpba-link pull-left' target=\"_blank\">Locandina 8 febbraio 2023<\/a><\/li>\n<\/ul><\/div>\n","protected":false},"excerpt":{"rendered":"<p>L\u20198 febbraio \u00e8 stata istituita la Giornata Mondiale di Riflessione e Preghiera contro la Tratta di Esseri Umani in ricordo di Santa Giuseppina Bakhita, una giovane donna sudanese rapita, venduta ai trafficanti e ridotta in schiavit\u00f9 da bambina. Giunta in Italia scopre la fede e sceglie di prendere i voti, ritrovando la libert\u00e0 e dedicando la sua nuova vita all\u2019aiuto del prossimo. Nominata Santa nel &hellip; <a href=\"https:\/\/www.diocesidinuoro.it\/caritas\/giornata-mondiale-contro-la-tratta-di-esseri-umani\/\" class=\"more-link\">Continua a leggere <span class=\"screen-reader-text\"><\/span> <span class=\"meta-nav\">&raquo;<\/span><\/a><\/p>\n","protected":false},"author":0,"featured_media":227,"comment_status":"closed","ping_status":"closed","sticky":false,"template":"","format":"standard","meta":{"_acf_changed":false,"ip_address":"","user_agent":"","level":"","revision":"","cookie_id":"","page_referer":"","html_form":"","footnotes":""},"categories":[1],"tags":[67,63,66,65,64,62,61],"acf":[],"_links":{"self":[{"href":"https:\/\/www.diocesidinuoro.it\/caritas\/wp-json\/wp\/v2\/posts\/226"}],"collection":[{"href":"https:\/\/www.diocesidinuoro.it\/caritas\/wp-json\/wp\/v2\/posts"}],"about":[{"href":"https:\/\/www.diocesidinuoro.it\/caritas\/wp-json\/wp\/v2\/types\/post"}],"author":[{"embeddable":true,"href":"https:\/\/www.diocesidinuoro.it\/caritas\/wp-json\/wp\/v2\/users\/6"}],"replies":[{"embeddable":true,"href":"https:\/\/www.diocesidinuoro.it\/caritas\/wp-json\/wp\/v2\/comments?post=226"}],"version-history":[{"count":1,"href":"https:\/\/www.diocesidinuoro.it\/caritas\/wp-json\/wp\/v2\/posts\/226\/revisions"}],"predecessor-version":[{"id":233,"href":"https:\/\/www.diocesidinuoro.it\/caritas\/wp-json\/wp\/v2\/posts\/226\/revisions\/233"}],"wp:featuredmedia":[{"embeddable":true,"href":"https:\/\/www.diocesidinuoro.it\/caritas\/wp-json\/wp\/v2\/media\/227"}],"wp:attachment":[{"href":"https:\/\/www.diocesidinuoro.it\/caritas\/wp-json\/wp\/v2\/media?parent=226"}],"wp:term":[{"taxonomy":"category","embeddable":true,"href":"https:\/\/www.diocesidinuoro.it\/caritas\/wp-json\/wp\/v2\/categories?post=226"},{"taxonomy":"post_tag","embeddable":true,"href":"https:\/\/www.diocesidinuoro.it\/caritas\/wp-json\/wp\/v2\/tags?post=226"}],"curies":[{"name":"wp","href":"https:\/\/api.w.org\/{rel}","templated":true}]}}