{"id":24,"date":"2019-03-04T23:00:00","date_gmt":"2019-03-04T22:00:00","guid":{"rendered":"https:\/\/www.diocesidinuoro.it\/caritas\/cammino-di-quaresima-2019\/"},"modified":"2022-05-12T16:24:34","modified_gmt":"2022-05-12T14:24:34","slug":"cammino-di-quaresima-2019","status":"publish","type":"post","link":"https:\/\/www.diocesidinuoro.it\/caritas\/cammino-di-quaresima-2019\/","title":{"rendered":"Cammino di Quaresima 2019"},"content":{"rendered":"<h4 style=\"text-align: center\"><strong><br \/>\n<span style=\"color: #3366ff\">Chiamati a essere dono<\/span><\/strong><\/h4>\n<p>&nbsp;<\/p>\n<p style=\"text-align: justify\">La Caritas Diocesana, in questo tempo di Quaresima, in sintonia con il tema dell&#8217;anno pastorale in corso, continua la sua proposta formativa rivolta agli animatori di carit\u00e0, ai catechisti, agli educatori e a tutti gli operatori di pastorale sul tema: \u201cSono dono di Dio per l\u2019altro, l\u2019altro \u00e8 un dono di Dio per me\u201d. Un percorso da fare insieme: personalmente, in famiglia e nella comunit\u00e0 parrocchiale.<\/p>\n<p style=\"text-align: justify\">Obiettivi del percorso:<\/p>\n<ul style=\"text-align: justify\">\n<li>Sostenere la testimonianza della carit\u00e0 incrementando la condivisione, il dono gratuito di s\u00e9 all&#8217;altro, superando una mentalit\u00e0 assistenzialista della carit\u00e0;<\/li>\n<li>Sostenere catechisti, educatori e operatori di pastorale che vogliono rendere l&#8217;annuncio sempre pi\u00f9 vivo attraverso la via della carit\u00e0 per aiutare i ragazzi a scoprire il valore del dono, che viene da Dio. Ognuno di noi \u00e8 un dono di Dio!<\/li>\n<\/ul>\n<p style=\"text-align: justify\">Suggerimenti per un approfondimento della tematica:<\/p>\n<ul style=\"text-align: justify\">\n<li>Parabola del buon samaritano.<\/li>\n<li>Messaggio di Papa Francesco per la giornata mondiale del malato 2019.<\/li>\n<li>Visita guidata ai servizi della Caritas Diocesana o parrocchiale, o a strutture di accoglienza.<\/li>\n<li>Testimonianze: interviste dal vivo o video di persone che hanno scelto di vivere aiutando gli altri.<\/li>\n<\/ul>\n<p style=\"text-align: justify\">Impegno:<\/p>\n<p style=\"text-align: justify\">APRO GLI OCCHI, MUOVO LE MANI\u00a0per fare tutto il possibile per chi ha bisogno di me.<\/p>\n<ul style=\"text-align: justify\">\n<li>Mettere a disposizione parte del proprio tempo per il prossimo: \u201cregalando\u201d gesti gratuiti, immediati e semplici come un sorriso, un abbraccio, una stretta di mano, una carezza, attraverso i quali si fa sentire all\u2019altro che \u00e8 \u201ccaro\u201d. Donare tempo, a chi vive in condizioni di vita difficile , ma anche in famiglia, ai vicini di casa, a chi incontriamo per caso. Donare agli altri ci\u00f2 che vorremmo fosse fatto a noi! (indicare un piccolo impegno da prendersi, in casa o fuori, durante la giornata).<\/li>\n<li>Partecipare alla giornata della carit\u00e0 in ogni parrocchia con azioni concrete.<\/li>\n<\/ul>\n<p style=\"text-align: justify\">Nella certezza che la vostra creativit\u00e0 e passione daranno vita e \u201canima\u201d a queste piccole indicazioni, io insieme ai miei collaboratori mi rendo disponibile a supportarvi in ogni attivit\u00e0 che vorrete proporre.<br \/>\nVi auguriamo un cammino di Quaresima, accompagnato dalla Parola che \u00e8 dono e abitato da tante persone da aiutare che ci rivelano il volto di Ges\u00f9.<\/p>\n<p style=\"text-align: right\"><strong>suor Pierina<\/strong><\/p>\n<p style=\"text-align: center\">***<\/p>\n<ul>\n<li><a title=\"Quaresima 2019, il Messaggio del Papa\" href=\"https:\/\/www.diocesidinuoro.it\/quaresima-2019-il-messaggio-del-papa\/\" target=\"_blank\" rel=\"noopener\"><span style=\"color: #3366ff\"><strong>Il Messaggio del Papa<\/strong><\/span><\/a><\/li>\n<li><span style=\"color: #3366ff\"><strong><a title=\"Lascia la tua preghiera\" href=\"https:\/\/www.diocesidinuoro.it\/lascia-la-tua-preghiera\/\" target=\"_blank\" rel=\"noopener\"><span style=\"color: #3366ff\">La carit\u00e0 della preghiera<\/span><\/a><\/strong><\/span><\/li>\n<li><a title=\"Meditazioni\" href=\"https:\/\/www.diocesidinuoro.it\/meditazioni\/\" target=\"_blank\" rel=\"noopener\"><span style=\"color: #3366ff\"><strong>Meditazioni<\/strong><\/span><\/a><\/li>\n<li><span style=\"color: #3366ff\"><strong><a title=\"Briciole\" href=\"https:\/\/www.diocesidinuoro.it\/briciole\/\" target=\"_blank\" rel=\"noopener\"><span style=\"color: #3366ff\">Briciole<\/span><\/a><\/strong><\/span><\/li>\n<li><a title=\"Video\" href=\"https:\/\/www.diocesidinuoro.it\/video-2\/\" target=\"_blank\" rel=\"noopener\"><span style=\"color: #3366ff\"><strong>Video<\/strong><\/span><\/a><\/li>\n<li><a title=\"Appuntamenti Quaresima Caritas diocesana\" href=\"https:\/\/www.diocesidinuoro.it\/quaresimacaritas\/\" target=\"_blank\" rel=\"noopener\"><span style=\"color: #3366ff\"><strong>Appuntamenti<\/strong><\/span><\/a><\/li>\n<\/ul>\n","protected":false},"excerpt":{"rendered":"<p>Chiamati a essere dono &nbsp; La Caritas Diocesana, in questo tempo di Quaresima, in sintonia con il tema dell&#8217;anno pastorale in corso, continua la sua proposta formativa rivolta agli animatori di carit\u00e0, ai catechisti, agli educatori e a tutti gli operatori di pastorale sul tema: \u201cSono dono di Dio per l\u2019altro, l\u2019altro \u00e8 un dono di Dio per me\u201d. Un percorso da fare insieme: personalmente, &hellip; <a href=\"https:\/\/www.diocesidinuoro.it\/caritas\/cammino-di-quaresima-2019\/\" class=\"more-link\">Continua a leggere <span class=\"screen-reader-text\"><\/span> <span class=\"meta-nav\">&raquo;<\/span><\/a><\/p>\n","protected":false},"author":0,"featured_media":25,"comment_status":"closed","ping_status":"open","sticky":false,"template":"","format":"standard","meta":{"_acf_changed":false,"ip_address":"","user_agent":"","level":"","revision":"","cookie_id":"","page_referer":"","html_form":"","footnotes":""},"categories":[3,2],"tags":[15,16],"acf":[],"_links":{"self":[{"href":"https:\/\/www.diocesidinuoro.it\/caritas\/wp-json\/wp\/v2\/posts\/24"}],"collection":[{"href":"https:\/\/www.diocesidinuoro.it\/caritas\/wp-json\/wp\/v2\/posts"}],"about":[{"href":"https:\/\/www.diocesidinuoro.it\/caritas\/wp-json\/wp\/v2\/types\/post"}],"author":[{"embeddable":true,"href":"https:\/\/www.diocesidinuoro.it\/caritas\/wp-json\/wp\/v2\/users\/3"}],"replies":[{"embeddable":true,"href":"https:\/\/www.diocesidinuoro.it\/caritas\/wp-json\/wp\/v2\/comments?post=24"}],"version-history":[{"count":1,"href":"https:\/\/www.diocesidinuoro.it\/caritas\/wp-json\/wp\/v2\/posts\/24\/revisions"}],"predecessor-version":[{"id":148,"href":"https:\/\/www.diocesidinuoro.it\/caritas\/wp-json\/wp\/v2\/posts\/24\/revisions\/148"}],"wp:featuredmedia":[{"embeddable":true,"href":"https:\/\/www.diocesidinuoro.it\/caritas\/wp-json\/wp\/v2\/media\/25"}],"wp:attachment":[{"href":"https:\/\/www.diocesidinuoro.it\/caritas\/wp-json\/wp\/v2\/media?parent=24"}],"wp:term":[{"taxonomy":"category","embeddable":true,"href":"https:\/\/www.diocesidinuoro.it\/caritas\/wp-json\/wp\/v2\/categories?post=24"},{"taxonomy":"post_tag","embeddable":true,"href":"https:\/\/www.diocesidinuoro.it\/caritas\/wp-json\/wp\/v2\/tags?post=24"}],"curies":[{"name":"wp","href":"https:\/\/api.w.org\/{rel}","templated":true}]}}