{"id":260,"date":"2023-06-20T12:37:27","date_gmt":"2023-06-20T10:37:27","guid":{"rendered":"https:\/\/www.diocesidinuoro.it\/caritas\/?p=260"},"modified":"2023-06-20T12:37:27","modified_gmt":"2023-06-20T10:37:27","slug":"microcredito-di-liberta-a-favore-delle-donne-vittime-di-violenza","status":"publish","type":"post","link":"https:\/\/www.diocesidinuoro.it\/caritas\/microcredito-di-liberta-a-favore-delle-donne-vittime-di-violenza\/","title":{"rendered":"Microcredito di libert\u00e0 a favore delle donne vittime di violenza"},"content":{"rendered":"<p>Nella Diocesi di Nuoro \u00e8 partito da qualche settimana il programma <strong><em>Microcredito di libert\u00e0<\/em><\/strong>, con l\u2019obiettivo di attivare un programma di microcredito sociale e di microcredito imprenditoriale <strong>rivolto alle donne<\/strong> vittime di violenza, con o senza figli, che versano in particolari condizioni di vulnerabilit\u00e0 e di esclusione sociale e finanziaria, non sono in grado di fare fronte alle correnti necessit\u00e0 personali e familiari, e hanno intrapreso un percorso di fuoriuscita dalla violenza presso un Centro antiviolenza e\/o in una Casa rifugio.<\/p>\n<p>Il progetto si sviluppa dal Protocollo d\u2019Intesa sul \u201cMicrocredito di libert\u00e0 \u2013 Protocollo di Microcredito per l\u2019emancipazione economica delle donne che hanno subito violenza\u201d, di durata triennale, sottoscritto dal <strong>Ministero per le pari opportunit\u00e0 e la famiglia, l\u2019Ente Nazionale per il Microcredito, l\u2019Associazione bancaria italiana, la Federazione Italiana delle Banche di Credito Cooperativo e la Caritas Italiana<\/strong>. Con Il Protocollo \u00e8 stato istituito un Fondo di Garanzia di 3.000.000,00 di euro a valere su risorse del bilancio del Dipartimento per le Pari Opportunit\u00e0 gi\u00e0 operativo, destinati per \u20ac 2.500.000,00 alla copertura integrale di garanzia dei finanziamenti di microcredito sociale che verranno erogati nell\u2019ambito del progetto, e per \u20ac 500.000,00 all\u2019abbattimento del TAEG, nella misura del 100%, sule operazioni di microcredito sociale e di microcredito imprenditoriale.<\/p>\n<p>&nbsp;<\/p>\n<p>A Caritas Italiana \u00e8 stato affidato <strong>il compito di realizzare un sistema di assistenza e di accompagnamento per l\u2019accesso al microcredito sociale<\/strong> delle donne vittime di violenza che si rivolgono, tramite la segnalazione dei Centri antiviolenza o delle Case rifugio alla rete delle Caritas Diocesane gi\u00e0 impegnate in servizi di assistenza delle donne vittime di violenza e in programmi di microcredito.<\/p>\n<p>&nbsp;<\/p>\n<p>Caritas Italiana ha voluto attribuire la denominazione di <em><strong>Progetto Ruth \u2013microcredito di libert\u00e0<\/strong><\/em>, ricordando la storia Ruth, una figura biblica di grande valore che non si \u00e8 abbattuta davanti alle avversit\u00e0 della vita in cui si \u00e8 ritrovata suo malgrado, riuscendo a riprendere il proprio cammino e trovando forza e fiducia in Noemi. Una storia di donne coraggiose che hanno saputo trovare uno spazio nuovo ed un riconoscimento nella storia, pur avendo vissuto dolore e solitudine.<\/p>\n<p>Il Microcredito \u00e8 una risorsa importante nell\u2019attuale panorama di programmi di assistenza e accompagnamento verso quanti versano in condizioni di disagio sociale. Pu\u00f2 dirsi una risorsa generativa che consente anche a chi non \u00e8 bancabile di essere aiutato e accompagnato al credito. \u00c8 un atto comunitario perch\u00e9 restituisce fiducia a quanti e quante, per ragioni diverse, si trovano in difficolt\u00e0 e non potrebbero altrimenti accedere ad altre forme di credito con il rischio di non risolvere la propria condizione di crisi o di rivolgersi a sistemi illegali e usurai.<\/p>\n<p>Venerd\u00ec 16 giugno 2023 ore 10:30 preso il Teatro dei Ginnasi in via delle Botteghe Oscure 42 a Roma, \u00e8 stato presentato il progetto microcredito di libert\u00e0 alla presenza della Ministra per la famiglia, la natalit\u00e0 e le pari opportunit\u00e0 Eugenia Maria Roccella, Mario Baccini (ENM), Stefano Gallo (Unicredit), Fabio Montesano (Fidimed), Sandro Bolognesi (Cassa Centrale Banca), Mauro Pastore (BCC Iccrea), Don Marco Pagniello (Caritas Italiana), Raffaele Rinaldi (ABI), Claudia Benedetti Federcasse). Nonch\u00e9 rappresentanti di diversi CAV &#8211; Centri Antiviolenza, le Reti contro la violenza di genere e associazioni di promozione femminile.<\/p>\n<p>In allegato il <strong>materiale informativo<\/strong><\/p>\n<p><a href=\"https:\/\/www.diocesidinuoro.it\/caritas\/wp-content\/uploads\/sites\/4\/2023\/06\/Brochure-MicroDiLiberta\u0300-def-1.pdf\">Brochure MicroDiLiberta\u0300 def (1)<\/a> <a href=\"https:\/\/www.diocesidinuoro.it\/caritas\/wp-content\/uploads\/sites\/4\/2023\/06\/Flyer-A5-MDL-definitivo.pdf\">Flyer A5 MDL definitivo<\/a><\/p>\n<p>&nbsp;<\/p>\n","protected":false},"excerpt":{"rendered":"<p>Nella Diocesi di Nuoro \u00e8 partito da qualche settimana il programma Microcredito di libert\u00e0, con l\u2019obiettivo di attivare un programma di microcredito sociale e di microcredito imprenditoriale rivolto alle donne vittime di violenza, con o senza figli, che versano in particolari condizioni di vulnerabilit\u00e0 e di esclusione sociale e finanziaria, non sono in grado di fare fronte alle correnti necessit\u00e0 personali e familiari, e hanno &hellip; <a href=\"https:\/\/www.diocesidinuoro.it\/caritas\/microcredito-di-liberta-a-favore-delle-donne-vittime-di-violenza\/\" class=\"more-link\">Continua a leggere <span class=\"screen-reader-text\"><\/span> <span class=\"meta-nav\">&raquo;<\/span><\/a><\/p>\n","protected":false},"author":0,"featured_media":263,"comment_status":"closed","ping_status":"closed","sticky":false,"template":"","format":"standard","meta":{"_acf_changed":false,"ip_address":"","user_agent":"","level":"","revision":"","cookie_id":"","page_referer":"","html_form":"","footnotes":""},"categories":[1],"tags":[13,71,69,70],"acf":[],"_links":{"self":[{"href":"https:\/\/www.diocesidinuoro.it\/caritas\/wp-json\/wp\/v2\/posts\/260"}],"collection":[{"href":"https:\/\/www.diocesidinuoro.it\/caritas\/wp-json\/wp\/v2\/posts"}],"about":[{"href":"https:\/\/www.diocesidinuoro.it\/caritas\/wp-json\/wp\/v2\/types\/post"}],"author":[{"embeddable":true,"href":"https:\/\/www.diocesidinuoro.it\/caritas\/wp-json\/wp\/v2\/users\/6"}],"replies":[{"embeddable":true,"href":"https:\/\/www.diocesidinuoro.it\/caritas\/wp-json\/wp\/v2\/comments?post=260"}],"version-history":[{"count":1,"href":"https:\/\/www.diocesidinuoro.it\/caritas\/wp-json\/wp\/v2\/posts\/260\/revisions"}],"predecessor-version":[{"id":264,"href":"https:\/\/www.diocesidinuoro.it\/caritas\/wp-json\/wp\/v2\/posts\/260\/revisions\/264"}],"wp:featuredmedia":[{"embeddable":true,"href":"https:\/\/www.diocesidinuoro.it\/caritas\/wp-json\/wp\/v2\/media\/263"}],"wp:attachment":[{"href":"https:\/\/www.diocesidinuoro.it\/caritas\/wp-json\/wp\/v2\/media?parent=260"}],"wp:term":[{"taxonomy":"category","embeddable":true,"href":"https:\/\/www.diocesidinuoro.it\/caritas\/wp-json\/wp\/v2\/categories?post=260"},{"taxonomy":"post_tag","embeddable":true,"href":"https:\/\/www.diocesidinuoro.it\/caritas\/wp-json\/wp\/v2\/tags?post=260"}],"curies":[{"name":"wp","href":"https:\/\/api.w.org\/{rel}","templated":true}]}}