{"id":265,"date":"2023-06-27T20:24:31","date_gmt":"2023-06-27T18:24:31","guid":{"rendered":"https:\/\/www.diocesidinuoro.it\/caritas\/?p=265"},"modified":"2023-06-27T20:25:00","modified_gmt":"2023-06-27T18:25:00","slug":"il-30-giugno-il-test-it-alert-in-tutta-la-sardegna","status":"publish","type":"post","link":"https:\/\/www.diocesidinuoro.it\/caritas\/il-30-giugno-il-test-it-alert-in-tutta-la-sardegna\/","title":{"rendered":"Il 30 giugno il test IT-alert in tutta la Sardegna"},"content":{"rendered":"<p>La Protezione civile invita la Caritas Sardegna a collaborare nel pubblicizzare l\u2019iniziativa denominata <strong>IT-Alert<\/strong>, per testare un sistema di allarme nazionale via SMS, attraverso una <strong>esercitazione<\/strong> che si terr\u00e0 in <strong>Sardegna<\/strong> il <strong>30 giugno<\/strong> (su tutti i cellulari sardi arriver\u00e0 un messaggio di allarme).<\/p>\n<p>Qui il <strong>video<\/strong> preparato dal Governo italiano per spiegare il servizio e il test che avverr\u00e0 a fine mese: <a href=\"https:\/\/www.youtube.com\/watch?v=9dvkEuQ9Bkg\" target=\"_blank\" rel=\"noopener\">https:\/\/www.youtube.com\/watch?v=9dvkEuQ9Bkg<\/a><\/p>\n<div style=\"width: 640px;\" class=\"wp-video\"><!--[if lt IE 9]><script>document.createElement('video');<\/script><![endif]-->\n<video class=\"wp-video-shortcode\" id=\"video-265-1\" width=\"640\" height=\"360\" loop=\"1\" autoplay=\"1\" preload=\"metadata\" controls=\"controls\"><source type=\"video\/youtube\" src=\"https:\/\/www.youtube.com\/watch?v=9dvkEuQ9Bkg&#038;_=1\" \/><a href=\"https:\/\/www.youtube.com\/watch?v=9dvkEuQ9Bkg\">https:\/\/www.youtube.com\/watch?v=9dvkEuQ9Bkg<\/a><\/video><\/div>\n<p>&nbsp;<\/p>\n<p>Qui, invece, il <strong>comunicato<\/strong> stampa e la <strong>locandina<\/strong><\/p>\n<p><a href=\"https:\/\/www.diocesidinuoro.it\/caritas\/wp-content\/uploads\/sites\/4\/2023\/06\/20_998_20230627093613.pdf\">20_998_20230627093613<\/a><\/p>\n<p><a href=\"https:\/\/www.diocesidinuoro.it\/caritas\/wp-content\/uploads\/sites\/4\/2023\/06\/Locandina-Sardegna.pdf\">Locandina Sardegna<\/a><\/p>\n<p>Altre informazioni sono reperibili dal <a href=\"https:\/\/www.sardegnaambiente.it\/index.php?xsl=2282&amp;s=449741&amp;v=2&amp;c=12454&amp;idsito=20\" target=\"_blank\" rel=\"noopener\">sito della Protezione civile della Sardegna.<\/a><\/p>\n<hr class=\"wpba_attachment_hr\"><div id='wpba_attachment_list' class='wpba wpba-wrap'>\n<ul class='wpba-attachment-list unstyled'><li id='wpba_attachment_list_266' class='wpba-list-item pull-left'><img src='https:\/\/www.diocesidinuoro.it\/caritas\/wp-content\/themes\/wp-starter-so\/icons\/document.png' width='16' height='20' class='wpba-icon pull-left'><a href='https:\/\/www.diocesidinuoro.it\/caritas\/wp-content\/uploads\/sites\/4\/2023\/06\/20_998_20230627093613.pdf' title='20_998_20230627093613' class='wpba-link pull-left' target=\"_blank\">20_998_20230627093613<\/a><\/li>\n<\/ul><\/div>\n","protected":false},"excerpt":{"rendered":"<p>La Protezione civile invita la Caritas Sardegna a collaborare nel pubblicizzare l\u2019iniziativa denominata IT-Alert, per testare un sistema di allarme nazionale via SMS, attraverso una esercitazione che si terr\u00e0 in Sardegna il 30 giugno (su tutti i cellulari sardi arriver\u00e0 un messaggio di allarme). Qui il video preparato dal Governo italiano per spiegare il servizio e il test che avverr\u00e0 a fine mese: https:\/\/www.youtube.com\/watch?v=9dvkEuQ9Bkg &nbsp; &hellip; <a href=\"https:\/\/www.diocesidinuoro.it\/caritas\/il-30-giugno-il-test-it-alert-in-tutta-la-sardegna\/\" class=\"more-link\">Continua a leggere <span class=\"screen-reader-text\"><\/span> <span class=\"meta-nav\">&raquo;<\/span><\/a><\/p>\n","protected":false},"author":0,"featured_media":268,"comment_status":"closed","ping_status":"closed","sticky":false,"template":"","format":"video","meta":{"_acf_changed":false,"ip_address":"","user_agent":"","level":"","revision":"","cookie_id":"","page_referer":"","html_form":"","footnotes":""},"categories":[1],"tags":[72],"acf":[],"_links":{"self":[{"href":"https:\/\/www.diocesidinuoro.it\/caritas\/wp-json\/wp\/v2\/posts\/265"}],"collection":[{"href":"https:\/\/www.diocesidinuoro.it\/caritas\/wp-json\/wp\/v2\/posts"}],"about":[{"href":"https:\/\/www.diocesidinuoro.it\/caritas\/wp-json\/wp\/v2\/types\/post"}],"author":[{"embeddable":true,"href":"https:\/\/www.diocesidinuoro.it\/caritas\/wp-json\/wp\/v2\/users\/6"}],"replies":[{"embeddable":true,"href":"https:\/\/www.diocesidinuoro.it\/caritas\/wp-json\/wp\/v2\/comments?post=265"}],"version-history":[{"count":6,"href":"https:\/\/www.diocesidinuoro.it\/caritas\/wp-json\/wp\/v2\/posts\/265\/revisions"}],"predecessor-version":[{"id":274,"href":"https:\/\/www.diocesidinuoro.it\/caritas\/wp-json\/wp\/v2\/posts\/265\/revisions\/274"}],"wp:featuredmedia":[{"embeddable":true,"href":"https:\/\/www.diocesidinuoro.it\/caritas\/wp-json\/wp\/v2\/media\/268"}],"wp:attachment":[{"href":"https:\/\/www.diocesidinuoro.it\/caritas\/wp-json\/wp\/v2\/media?parent=265"}],"wp:term":[{"taxonomy":"category","embeddable":true,"href":"https:\/\/www.diocesidinuoro.it\/caritas\/wp-json\/wp\/v2\/categories?post=265"},{"taxonomy":"post_tag","embeddable":true,"href":"https:\/\/www.diocesidinuoro.it\/caritas\/wp-json\/wp\/v2\/tags?post=265"}],"curies":[{"name":"wp","href":"https:\/\/api.w.org\/{rel}","templated":true}]}}