{"id":28,"date":"2019-03-05T23:00:00","date_gmt":"2019-03-05T22:00:00","guid":{"rendered":"https:\/\/www.diocesidinuoro.it\/caritas\/una-proposta-per-il-cammino-quaresimale\/"},"modified":"2022-05-12T16:24:34","modified_gmt":"2022-05-12T14:24:34","slug":"una-proposta-per-il-cammino-quaresimale","status":"publish","type":"post","link":"https:\/\/www.diocesidinuoro.it\/caritas\/una-proposta-per-il-cammino-quaresimale\/","title":{"rendered":"Una proposta per il cammino quaresimale"},"content":{"rendered":"<p style=\"text-align: justify\">Con una lettera inviata ai parroci, catechisti e operatori pastorali la direttrice della Caritas diocesana suor Pierina Careddu ha illustrato la proposta dell&#8217;ufficio per la Quaresima.<br \/>\n\u00abIn sintonia con il tema dell\u2019anno pastorale in corso &#8211; si legge nella lettera -, la Caritas diocesana continua la sua proposta formativa rivolta agli animatori di carit\u00e0, ai catechisti, agli educatori e a tutti gli operatori di pastorale sul tema: \u201cSono dono di Dio per l\u2019altro, l\u2019altro \u00e8 un dono di Dio per me\u201d. Un percorso da fare insieme: personalmente, in famiglia e nella comunit\u00e0 parrocchiale\u00bb.<br \/>\nGli obiettivi del percorso sono quelli di \u00absostenere la testimonianza della carit\u00e0 incrementando la condivisione, il dono gratuito di s\u00e9 all&#8217;altro, superando una mentalit\u00e0 assistenzialista della carit\u00e0;\u00a0Sostenere catechisti, educatori e operatori di pastorale che vogliono rendere l\u2019annuncio sempre pi\u00f9 vivo attraverso la via della carit\u00e0 per aiutare i ragazzi a scoprire il valore del dono, che viene da Dio\u00bb.<br \/>\nIn particolare, per il periodo quaresimale la proposta \u00e8 quella di\u00a0 \u00abmettere a disposizione parte del proprio tempo per il prossimo: \u201cregalando\u201d gesti gratuiti, immediati e semplici come un sorriso, un abbraccio, una stretta di mano, una carezza, attraverso i quali si fa sentire all&#8217;altro che \u00e8 \u201ccaro\u201d &#8211; scrive suor Pierina. Donare tempo, a chi vive in condizioni di vita difficile, ma anche in famiglia, ai vicini di casa, a chi incontriamo per caso. Donare agli altri ci\u00f2 che vorremmo fosse fatto a noi\u00bb, e ancora partecipare alla giornata della carit\u00e0 in ogni parrocchia con azioni concrete.<br \/>\nLa novit\u00e0 di quest&#8217;anno \u00e8 la creazione di una sorta di cappella virtuale per rendere concreto il precetto della carit\u00e0 attraverso la preghiera. Chiunque, utilizzando il modulo di contatto nella pagina dedicata (<a href=\"https:\/\/www.diocesidinuoro.it\/lascia-la-tua-preghiera\/\" target=\"_blank\" rel=\"noopener\">per i dettagli vai alla pagina)<\/a>\u00a0o scrivendo una email indirizzata a\u00a0<strong>esseredono@gmail.com<\/strong>\u00a0invier\u00e0 una intenzione o una richiesta specifica di preghiera avr\u00e0 la certezza che tutto ci\u00f2 sar\u00e0 ricordato durante le Celebrazioni eucaristiche e la recita del Rosario degli anziani che risiedono nelle case di riposo di Bitti, Nuoro, Orani, Orotelli e Siniscola, oltre che durante la recita dell&#8217;Ora media e all&#8217;adorazione eucaristica che il marted\u00ec si tiene nella cappella della sede diocesana della Caritas di Nuoro. L&#8217;iniziativa vedr\u00e0 anche coinvolti gli ammalati delle parrocchie e i gruppi di preghiera.<\/p>\n<ul>\n<li>\n<h6><a href=\"https:\/\/www.diocesidinuoro.it\/cammino-di-quaresima-2019\/\" target=\"_blank\" rel=\"noopener\"><strong><span style=\"color: #ff0000\">Vai alla pagina dedicata<\/span><\/strong><\/a><\/h6>\n<\/li>\n<\/ul>\n","protected":false},"excerpt":{"rendered":"<p>Con una lettera inviata ai parroci, catechisti e operatori pastorali la direttrice della Caritas diocesana suor Pierina Careddu ha illustrato la proposta dell&#8217;ufficio per la Quaresima. \u00abIn sintonia con il tema dell\u2019anno pastorale in corso &#8211; si legge nella lettera -, la Caritas diocesana continua la sua proposta formativa rivolta agli animatori di carit\u00e0, ai catechisti, agli educatori e a tutti gli operatori di pastorale &hellip; <a href=\"https:\/\/www.diocesidinuoro.it\/caritas\/una-proposta-per-il-cammino-quaresimale\/\" class=\"more-link\">Continua a leggere <span class=\"screen-reader-text\"><\/span> <span class=\"meta-nav\">&raquo;<\/span><\/a><\/p>\n","protected":false},"author":0,"featured_media":29,"comment_status":"closed","ping_status":"open","sticky":false,"template":"","format":"standard","meta":{"_acf_changed":false,"ip_address":"","user_agent":"","level":"","revision":"","cookie_id":"","page_referer":"","html_form":"","footnotes":""},"categories":[3,2],"tags":[15,16],"acf":[],"_links":{"self":[{"href":"https:\/\/www.diocesidinuoro.it\/caritas\/wp-json\/wp\/v2\/posts\/28"}],"collection":[{"href":"https:\/\/www.diocesidinuoro.it\/caritas\/wp-json\/wp\/v2\/posts"}],"about":[{"href":"https:\/\/www.diocesidinuoro.it\/caritas\/wp-json\/wp\/v2\/types\/post"}],"author":[{"embeddable":true,"href":"https:\/\/www.diocesidinuoro.it\/caritas\/wp-json\/wp\/v2\/users\/3"}],"replies":[{"embeddable":true,"href":"https:\/\/www.diocesidinuoro.it\/caritas\/wp-json\/wp\/v2\/comments?post=28"}],"version-history":[{"count":1,"href":"https:\/\/www.diocesidinuoro.it\/caritas\/wp-json\/wp\/v2\/posts\/28\/revisions"}],"predecessor-version":[{"id":147,"href":"https:\/\/www.diocesidinuoro.it\/caritas\/wp-json\/wp\/v2\/posts\/28\/revisions\/147"}],"wp:featuredmedia":[{"embeddable":true,"href":"https:\/\/www.diocesidinuoro.it\/caritas\/wp-json\/wp\/v2\/media\/29"}],"wp:attachment":[{"href":"https:\/\/www.diocesidinuoro.it\/caritas\/wp-json\/wp\/v2\/media?parent=28"}],"wp:term":[{"taxonomy":"category","embeddable":true,"href":"https:\/\/www.diocesidinuoro.it\/caritas\/wp-json\/wp\/v2\/categories?post=28"},{"taxonomy":"post_tag","embeddable":true,"href":"https:\/\/www.diocesidinuoro.it\/caritas\/wp-json\/wp\/v2\/tags?post=28"}],"curies":[{"name":"wp","href":"https:\/\/api.w.org\/{rel}","templated":true}]}}