{"id":30,"date":"2019-03-21T23:00:00","date_gmt":"2019-03-21T22:00:00","guid":{"rendered":"https:\/\/www.diocesidinuoro.it\/caritas\/ritiro-spirituale-verso-la-pasqua\/"},"modified":"2022-05-12T16:24:34","modified_gmt":"2022-05-12T14:24:34","slug":"ritiro-spirituale-verso-la-pasqua","status":"publish","type":"post","link":"https:\/\/www.diocesidinuoro.it\/caritas\/ritiro-spirituale-verso-la-pasqua\/","title":{"rendered":"Ritiro spirituale, verso la Pasqua"},"content":{"rendered":"<p style=\"text-align: justify\">Venerd\u00ec 29 marzo dalle ore 15.30 alle ore 17.30 presso la cappella della Caritas n via Lamrmora 148 a Nuoro si terr\u00e0 un ritiro spirituale in preparazione alla Pasqua dedicato agli operatori della carit\u00e0 ma aperto a tutti quanti abbiano il desiderio di partecipare.<br \/>\nTema della meditazione guidata da don Piergavino Piras &#8220;Volgeranno lo sguardo a colui che hanno trafitto&#8221;.<\/p>\n","protected":false},"excerpt":{"rendered":"<p>Venerd\u00ec 29 marzo dalle ore 15.30 alle ore 17.30 presso la cappella della Caritas n via Lamrmora 148 a Nuoro si terr\u00e0 un ritiro spirituale in preparazione alla Pasqua dedicato agli operatori della carit\u00e0 ma aperto a tutti quanti abbiano il desiderio di partecipare. Tema della meditazione guidata da don Piergavino Piras &#8220;Volgeranno lo sguardo a colui che hanno trafitto&#8221;.<\/p>\n","protected":false},"author":0,"featured_media":31,"comment_status":"closed","ping_status":"open","sticky":false,"template":"","format":"standard","meta":{"_acf_changed":false,"ip_address":"","user_agent":"","level":"","revision":"","cookie_id":"","page_referer":"","html_form":"","footnotes":""},"categories":[3,2],"tags":[15,17,18,19],"acf":[],"_links":{"self":[{"href":"https:\/\/www.diocesidinuoro.it\/caritas\/wp-json\/wp\/v2\/posts\/30"}],"collection":[{"href":"https:\/\/www.diocesidinuoro.it\/caritas\/wp-json\/wp\/v2\/posts"}],"about":[{"href":"https:\/\/www.diocesidinuoro.it\/caritas\/wp-json\/wp\/v2\/types\/post"}],"author":[{"embeddable":true,"href":"https:\/\/www.diocesidinuoro.it\/caritas\/wp-json\/wp\/v2\/users\/3"}],"replies":[{"embeddable":true,"href":"https:\/\/www.diocesidinuoro.it\/caritas\/wp-json\/wp\/v2\/comments?post=30"}],"version-history":[{"count":1,"href":"https:\/\/www.diocesidinuoro.it\/caritas\/wp-json\/wp\/v2\/posts\/30\/revisions"}],"predecessor-version":[{"id":146,"href":"https:\/\/www.diocesidinuoro.it\/caritas\/wp-json\/wp\/v2\/posts\/30\/revisions\/146"}],"wp:featuredmedia":[{"embeddable":true,"href":"https:\/\/www.diocesidinuoro.it\/caritas\/wp-json\/wp\/v2\/media\/31"}],"wp:attachment":[{"href":"https:\/\/www.diocesidinuoro.it\/caritas\/wp-json\/wp\/v2\/media?parent=30"}],"wp:term":[{"taxonomy":"category","embeddable":true,"href":"https:\/\/www.diocesidinuoro.it\/caritas\/wp-json\/wp\/v2\/categories?post=30"},{"taxonomy":"post_tag","embeddable":true,"href":"https:\/\/www.diocesidinuoro.it\/caritas\/wp-json\/wp\/v2\/tags?post=30"}],"curies":[{"name":"wp","href":"https:\/\/api.w.org\/{rel}","templated":true}]}}