{"id":303,"date":"2023-11-09T19:10:02","date_gmt":"2023-11-09T18:10:02","guid":{"rendered":"https:\/\/www.diocesidinuoro.it\/caritas\/?p=303"},"modified":"2023-11-09T19:10:02","modified_gmt":"2023-11-09T18:10:02","slug":"vii-giornata-mondiale-dei-poveri","status":"publish","type":"post","link":"https:\/\/www.diocesidinuoro.it\/caritas\/vii-giornata-mondiale-dei-poveri\/","title":{"rendered":"VII Giornata Mondiale dei Poveri"},"content":{"rendered":"<p style=\"font-weight: 400\"><strong>\u00abNon distogliere lo sguardo dal povero\u00bb\u00a0<\/strong>(Tb 4,7). \u00c8 il titolo della Giornata mondiale dei Poveri che il <strong>19 novembre 2023<\/strong> si celebra per la settima volta nelle nostre comunit\u00e0. \u00c8 un appuntamento, spiega papa Francesco, \u00abche progressivamente la Chiesa sta radicando nella sua pastorale, per scoprire ogni volta di pi\u00f9 il contenuto centrale del Vangelo\u00bb. Un fiume di povert\u00e0 attraversa le nostre citt\u00e0 e diventa sempre pi\u00f9 grande fino a straripare. Ecco perch\u00e9 siamo chiamati a vivere la povert\u00e0 e servire i poveri. Questa Giornata intende stimolare alla cultura dello scarto e dello spreco, facendo propria la cultura dell\u2019incontro. Le comunit\u00e0 cristiane si impegnino a creare tanti momenti di incontro e di amicizia, di solidariet\u00e0 e di aiuto concreto.<\/p>\n<p style=\"font-weight: 400\">Tante le cose che si possono organizzare in questo periodo. Ecco alcune <strong>proposte<\/strong>:<\/p>\n<ul>\n<li>Vivere una <em>Veglia di preghiera<\/em> con membri e volontari di associazioni e gruppi caritativi che operano nella comunit\u00e0. Coinvolgere anche quelli che sono aiutati da loro. Pregare il Rosario nella comunit\u00e0, affidando alla Madonna le intenzioni dei pi\u00f9 bisognosi. Animare la Celebrazione eucaristica domenicale con Preghiera dei fedeli attinente alla giornata. Utilizzare il <strong>sussidio in allegato<\/strong> per l&#8217;Adorazione eucaristica.<\/li>\n<li><em>Lettura dei testi e\/o ascolto di testimonianze<\/em>. \u00c8 possibile strutturare: un dialogo all\u2019interno delle proprie comunit\u00e0; una catechesi per i giovani e i ragazzi sulla povert\u00e0 invitandoli a scoprire chi sono i poveri che loro incontrano nella quotidianit\u00e0. Sono quelli che vivono ai margini, chi non ha relazioni n\u00e9 amicizie a scuola, chi vive in situazioni di disagio.<\/li>\n<li>Accettare l\u2019invito fatto dal Santo Padre a <em>condividere il pranzo domenicale<\/em>, dopo aver condiviso la Mensa eucaristica, con chi \u00e8 privo del necessario. Si pu\u00f2 offrire un pasto ai poveri della comunit\u00e0, seguito da un momento conviviale e di condivisione, oppure ogni famiglia pu\u00f2 invitare a casa sua qualcuno che sta vivendo un periodo di difficolt\u00e0. Approfittare di questa Giornata Mondiale dei Poveri per visitare le persone sole sia negli ospedali, sia nei centri per anziani, a volte persino nelle loro case. Prestare particolare attenzione ai giovani, soli, abbandonati, respinti, che possano sentirsi \u201cinconcludenti\u201d e \u201cfalliti\u201d. Invitare i giovani ad attivit\u00e0 che favoriscano il reinserimento in un nuovo gruppo, creando relazioni che siano di sostegno e amicizia.<\/li>\n<li>La visione, da soli o in compagnia, del film <a href=\"https:\/\/www.youtube.com\/watch?v=P9W3tx3EUCk\" target=\"_blank\" rel=\"noopener\"><em>L&#8217;intrepido<\/em><\/a>, una commedia, diretta da Gianni Amelio, con Antonio Albanese, Livia Rossi, Sandra Ceccarelli, Alfonso Santagata e Gabriele Rendina.<\/li>\n<\/ul>\n<p style=\"font-weight: 400\">Si segnalano anche i seguenti materiali:<\/p>\n<ul>\n<li>Il <a href=\"https:\/\/www.vatican.va\/content\/francesco\/it\/messages\/poveri\/documents\/20230613-messaggio-vii-giornatamondiale-poveri-2023.html\" target=\"_blank\" rel=\"noopener\">Messaggio<\/a> di Papa Francesco per la Giornata del 2023<\/li>\n<li>La <a href=\"http:\/\/www.evangelizatio.va\/content\/pcpne\/it\/attivita\/gmdp\/2023.html\" target=\"_blank\" rel=\"noopener\">Pagina web<\/a> del Dicastero per l&#8217;Evangelizzazione dedicata all&#8217;appuntamento<\/li>\n<li>Le <a href=\"https:\/\/www.caritas.it\/giornata-mondiale-dei-poveri-19-novembre-2023\/\" target=\"_blank\" rel=\"noopener\">iniziative<\/a> di Caritas italiana<\/li>\n<\/ul>\n<p>Infine, il sussidio per l<strong>&#8216;Adorazione eucaristica<\/strong><\/p>\n<p><a href=\"https:\/\/www.diocesidinuoro.it\/caritas\/wp-content\/uploads\/sites\/4\/2023\/11\/Adorazione-eucaristica_Giornata-Mondiale-dei-Poveri-2023-1.pdf\">Adorazione eucaristica_Giornata Mondiale dei Poveri 2023 (1)<\/a><\/p>\n<p style=\"font-weight: 400\">\n<hr class=\"wpba_attachment_hr\"><div id='wpba_attachment_list' class='wpba wpba-wrap'>\n<ul class='wpba-attachment-list unstyled'><li id='wpba_attachment_list_304' class='wpba-list-item pull-left'><img src='https:\/\/www.diocesidinuoro.it\/caritas\/wp-content\/themes\/wp-starter-so\/icons\/document.png' width='16' height='20' class='wpba-icon pull-left'><a href='https:\/\/www.diocesidinuoro.it\/caritas\/wp-content\/uploads\/sites\/4\/2023\/11\/Adorazione-eucaristica_Giornata-Mondiale-dei-Poveri-2023-1.pdf' title='Adorazione eucaristica_Giornata Mondiale dei Poveri 2023 (1)' class='wpba-link pull-left' target=\"_blank\">Adorazione eucaristica_Giornata Mondiale dei Poveri 2023 (1)<\/a><\/li>\n<\/ul><\/div>\n","protected":false},"excerpt":{"rendered":"<p>\u00abNon distogliere lo sguardo dal povero\u00bb\u00a0(Tb 4,7). \u00c8 il titolo della Giornata mondiale dei Poveri che il 19 novembre 2023 si celebra per la settima volta nelle nostre comunit\u00e0. \u00c8 un appuntamento, spiega papa Francesco, \u00abche progressivamente la Chiesa sta radicando nella sua pastorale, per scoprire ogni volta di pi\u00f9 il contenuto centrale del Vangelo\u00bb. Un fiume di povert\u00e0 attraversa le nostre citt\u00e0 e diventa &hellip; <a href=\"https:\/\/www.diocesidinuoro.it\/caritas\/vii-giornata-mondiale-dei-poveri\/\" class=\"more-link\">Continua a leggere <span class=\"screen-reader-text\"><\/span> <span class=\"meta-nav\">&raquo;<\/span><\/a><\/p>\n","protected":false},"author":0,"featured_media":305,"comment_status":"closed","ping_status":"closed","sticky":false,"template":"","format":"standard","meta":{"_acf_changed":false,"ip_address":"","user_agent":"","level":"","revision":"","cookie_id":"","page_referer":"","html_form":"","footnotes":""},"categories":[1],"tags":[],"acf":[],"_links":{"self":[{"href":"https:\/\/www.diocesidinuoro.it\/caritas\/wp-json\/wp\/v2\/posts\/303"}],"collection":[{"href":"https:\/\/www.diocesidinuoro.it\/caritas\/wp-json\/wp\/v2\/posts"}],"about":[{"href":"https:\/\/www.diocesidinuoro.it\/caritas\/wp-json\/wp\/v2\/types\/post"}],"author":[{"embeddable":true,"href":"https:\/\/www.diocesidinuoro.it\/caritas\/wp-json\/wp\/v2\/users\/6"}],"replies":[{"embeddable":true,"href":"https:\/\/www.diocesidinuoro.it\/caritas\/wp-json\/wp\/v2\/comments?post=303"}],"version-history":[{"count":1,"href":"https:\/\/www.diocesidinuoro.it\/caritas\/wp-json\/wp\/v2\/posts\/303\/revisions"}],"predecessor-version":[{"id":306,"href":"https:\/\/www.diocesidinuoro.it\/caritas\/wp-json\/wp\/v2\/posts\/303\/revisions\/306"}],"wp:featuredmedia":[{"embeddable":true,"href":"https:\/\/www.diocesidinuoro.it\/caritas\/wp-json\/wp\/v2\/media\/305"}],"wp:attachment":[{"href":"https:\/\/www.diocesidinuoro.it\/caritas\/wp-json\/wp\/v2\/media?parent=303"}],"wp:term":[{"taxonomy":"category","embeddable":true,"href":"https:\/\/www.diocesidinuoro.it\/caritas\/wp-json\/wp\/v2\/categories?post=303"},{"taxonomy":"post_tag","embeddable":true,"href":"https:\/\/www.diocesidinuoro.it\/caritas\/wp-json\/wp\/v2\/tags?post=303"}],"curies":[{"name":"wp","href":"https:\/\/api.w.org\/{rel}","templated":true}]}}