{"id":32,"date":"2019-05-16T22:00:00","date_gmt":"2019-05-16T20:00:00","guid":{"rendered":"https:\/\/www.diocesidinuoro.it\/caritas\/quaresima-di-amore-per-bambini-del-sacro-cuore\/"},"modified":"2022-05-12T16:24:34","modified_gmt":"2022-05-12T14:24:34","slug":"quaresima-di-amore-per-bambini-del-sacro-cuore","status":"publish","type":"post","link":"https:\/\/www.diocesidinuoro.it\/caritas\/quaresima-di-amore-per-bambini-del-sacro-cuore\/","title":{"rendered":"Quaresima di amore per i bambini del Sacro Cuore"},"content":{"rendered":"<p style=\"text-align: justify\">Durante la Quaresima, nella Parrocchia Sacro Cuore di Ges\u00f9 a Nuoro, si \u00e8 realizzato il progetto Quaresima di Amore nato dalla collaborazione fra commissione Caritas del Consiglio Pastorale Parrocchiale e catechisti, progetto rivolto ai bambini che frequentano il catechismo.<br \/>\nQuesti gli obbiettivi: guidare i bambini a vivere , alla luce della Parola di Dio, una Quaresima di Amore attraverso comportamenti di attenzione, solidariet\u00e0, perdono; rendere i bambini partecipi alle attivit\u00e0 della Caritas che \u00e8 la realizzazione del mandato di Ges\u00f9 \u201cAmatevi gli uni gli altri\u201d, che si esprime prima di tutto con l amore vicendevole e poi con le opere;\u00a0iniziare un percorso di collaborazione fra Catechisti e Caritas per il comune ruolo pedagogico di educazione alla carit\u00e0.<br \/>\nPer raggiungere gli obiettivi \u00e8 stato proposto alla riflessione dei bambini il brano della Lavanda dei piedi (<em>Gv<\/em> 13, 1-38 ) che \u00e8 stato diviso in tre parti, una per ogni incontro di catechismo guidando i bambini alla comprensione dell\u2019insegnamento di Ges\u00f9.<br \/>\nIn particolare, \u00e8 stata posta l\u2019 attenzione sull\u2019 atteggiamento di Ges\u00f9 che per poter lavare i piedi ai suoi amici si spoglia dei suoi abiti e si cinge il grembiule. Inoltre i bambini sono stati guidati a riflettere a quali persone Ges\u00f9 lava i piedi per guidarli a compiere gesti concreti di attenzione, di amore, di perdono, generosit\u00e0 superando le diffidenze , le paure verso chi \u00e8 considerato diverso.<br \/>\nDurante la Celebrazione Eucaristica della domenica della carit\u00e0, il 31 marzo, i bambini hanno portato all\u2019altare ,durante la processione offertoriale, il grembiule, la brocca, il catino, l\u2019asciugamano simboli del servizio svolto da Ges\u00f9.<br \/>\nA conclusione del percorso, durante un momento di incontro e di festa al quale hanno partecipato numerosi genitori e parrocchiani ,sono stati esposti e spiegati gli elaborati, i cartelloni, realizzati dai bambini negli incontri di catechismo , per esprimere i loro propositi e i gesti concreti di solidariet\u00e0, di aiuto a persone in difficolt\u00e0 compiuti da loro.<\/p>\n","protected":false},"excerpt":{"rendered":"<p>Durante la Quaresima, nella Parrocchia Sacro Cuore di Ges\u00f9 a Nuoro, si \u00e8 realizzato il progetto Quaresima di Amore nato dalla collaborazione fra commissione Caritas del Consiglio Pastorale Parrocchiale e catechisti, progetto rivolto ai bambini che frequentano il catechismo. Questi gli obbiettivi: guidare i bambini a vivere , alla luce della Parola di Dio, una Quaresima di Amore attraverso comportamenti di attenzione, solidariet\u00e0, perdono; rendere &hellip; <a href=\"https:\/\/www.diocesidinuoro.it\/caritas\/quaresima-di-amore-per-bambini-del-sacro-cuore\/\" class=\"more-link\">Continua a leggere <span class=\"screen-reader-text\"><\/span> <span class=\"meta-nav\">&raquo;<\/span><\/a><\/p>\n","protected":false},"author":0,"featured_media":33,"comment_status":"closed","ping_status":"open","sticky":false,"template":"","format":"standard","meta":{"_acf_changed":false,"ip_address":"","user_agent":"","level":"","revision":"","cookie_id":"","page_referer":"","html_form":"","footnotes":""},"categories":[3,2],"tags":[4,20,21,22],"acf":[],"_links":{"self":[{"href":"https:\/\/www.diocesidinuoro.it\/caritas\/wp-json\/wp\/v2\/posts\/32"}],"collection":[{"href":"https:\/\/www.diocesidinuoro.it\/caritas\/wp-json\/wp\/v2\/posts"}],"about":[{"href":"https:\/\/www.diocesidinuoro.it\/caritas\/wp-json\/wp\/v2\/types\/post"}],"author":[{"embeddable":true,"href":"https:\/\/www.diocesidinuoro.it\/caritas\/wp-json\/wp\/v2\/users\/3"}],"replies":[{"embeddable":true,"href":"https:\/\/www.diocesidinuoro.it\/caritas\/wp-json\/wp\/v2\/comments?post=32"}],"version-history":[{"count":1,"href":"https:\/\/www.diocesidinuoro.it\/caritas\/wp-json\/wp\/v2\/posts\/32\/revisions"}],"predecessor-version":[{"id":145,"href":"https:\/\/www.diocesidinuoro.it\/caritas\/wp-json\/wp\/v2\/posts\/32\/revisions\/145"}],"wp:featuredmedia":[{"embeddable":true,"href":"https:\/\/www.diocesidinuoro.it\/caritas\/wp-json\/wp\/v2\/media\/33"}],"wp:attachment":[{"href":"https:\/\/www.diocesidinuoro.it\/caritas\/wp-json\/wp\/v2\/media?parent=32"}],"wp:term":[{"taxonomy":"category","embeddable":true,"href":"https:\/\/www.diocesidinuoro.it\/caritas\/wp-json\/wp\/v2\/categories?post=32"},{"taxonomy":"post_tag","embeddable":true,"href":"https:\/\/www.diocesidinuoro.it\/caritas\/wp-json\/wp\/v2\/tags?post=32"}],"curies":[{"name":"wp","href":"https:\/\/api.w.org\/{rel}","templated":true}]}}