{"id":38,"date":"2019-09-04T22:00:00","date_gmt":"2019-09-04T20:00:00","guid":{"rendered":"https:\/\/www.diocesidinuoro.it\/caritas\/benedizione-della-nuova-mensa\/"},"modified":"2022-05-12T16:24:34","modified_gmt":"2022-05-12T14:24:34","slug":"benedizione-della-nuova-mensa","status":"publish","type":"post","link":"https:\/\/www.diocesidinuoro.it\/caritas\/benedizione-della-nuova-mensa\/","title":{"rendered":"Benedizione della nuova Mensa"},"content":{"rendered":"<p style=\"text-align: justify\">Luned\u00ec, 9 settembre alle ore 11, sar\u00e0 benedetta la nuova Mensa Caritas, situata in via Lombardia (ex-Poa) a Nuoro.\u00a0La benedizione dei locali e dei volontari verr\u00e0 impartita da S.E. Monsignor Mos\u00e8 Marcia che tale giorno lascia la nostra Diocesi ed \u00e8 anche occasione propizia per dire grazie ad un Vescovo che molto si \u00e8 speso per accogliere e servire i poveri.\u00a0\u00c8\u00a0lui ad aver fortemente innovato la Caritas diocesana e voluta quest\u2019opera che, nel suo intento, desidera volgere lo sguardo amorevole di Dio alle persone, nella loro interezza.\u00a0Da qui la scelta di ristrutturare ad arredare i locali per renderli realmente accoglienti, creando accanto un servizio docce e lavanderia.<br \/>\nNon si tratta semplicemente di fornire un pasto e dei servizi ma di essere strumenti del Padre, desideroso che ogni suo figlio stia davvero bene nel corpo e nello spirito.\u00a0Monsignor Marcia, con tanta fatica e lungimiranza, ha ideato e realizzato questa nuova iniziativa che sicuramente fa onore alla citt\u00e0 e alla Diocesi.<br \/>\nNella nuova Mensa confluiranno le persone sinora lodevolmente accudite dalle parrocchie di N.S. delle Grazie e del S. Cuore e l\u2019esperienza dei volontari maturata in tantissimi anni. Tanta gratitudine nei loro confronti e tanta speranza nell\u2019iniziare questa nuova impegnativa scommessa.<\/p>\n<p style=\"text-align: right\">Il Direttore della Caritas Diocesana<br \/>\n<strong>Suor Pierina Careddu<\/strong><\/p>\n<p>&nbsp;<\/p>\n","protected":false},"excerpt":{"rendered":"<p>Luned\u00ec, 9 settembre alle ore 11, sar\u00e0 benedetta la nuova Mensa Caritas, situata in via Lombardia (ex-Poa) a Nuoro.\u00a0La benedizione dei locali e dei volontari verr\u00e0 impartita da S.E. Monsignor Mos\u00e8 Marcia che tale giorno lascia la nostra Diocesi ed \u00e8 anche occasione propizia per dire grazie ad un Vescovo che molto si \u00e8 speso per accogliere e servire i poveri.\u00a0\u00c8\u00a0lui ad aver fortemente innovato &hellip; <a href=\"https:\/\/www.diocesidinuoro.it\/caritas\/benedizione-della-nuova-mensa\/\" class=\"more-link\">Continua a leggere <span class=\"screen-reader-text\"><\/span> <span class=\"meta-nav\">&raquo;<\/span><\/a><\/p>\n","protected":false},"author":0,"featured_media":39,"comment_status":"closed","ping_status":"open","sticky":false,"template":"","format":"standard","meta":{"_acf_changed":false,"ip_address":"","user_agent":"","level":"","revision":"","cookie_id":"","page_referer":"","html_form":"","footnotes":""},"categories":[3,2],"tags":[4,26,27],"acf":[],"_links":{"self":[{"href":"https:\/\/www.diocesidinuoro.it\/caritas\/wp-json\/wp\/v2\/posts\/38"}],"collection":[{"href":"https:\/\/www.diocesidinuoro.it\/caritas\/wp-json\/wp\/v2\/posts"}],"about":[{"href":"https:\/\/www.diocesidinuoro.it\/caritas\/wp-json\/wp\/v2\/types\/post"}],"author":[{"embeddable":true,"href":"https:\/\/www.diocesidinuoro.it\/caritas\/wp-json\/wp\/v2\/users\/3"}],"replies":[{"embeddable":true,"href":"https:\/\/www.diocesidinuoro.it\/caritas\/wp-json\/wp\/v2\/comments?post=38"}],"version-history":[{"count":1,"href":"https:\/\/www.diocesidinuoro.it\/caritas\/wp-json\/wp\/v2\/posts\/38\/revisions"}],"predecessor-version":[{"id":142,"href":"https:\/\/www.diocesidinuoro.it\/caritas\/wp-json\/wp\/v2\/posts\/38\/revisions\/142"}],"wp:featuredmedia":[{"embeddable":true,"href":"https:\/\/www.diocesidinuoro.it\/caritas\/wp-json\/wp\/v2\/media\/39"}],"wp:attachment":[{"href":"https:\/\/www.diocesidinuoro.it\/caritas\/wp-json\/wp\/v2\/media?parent=38"}],"wp:term":[{"taxonomy":"category","embeddable":true,"href":"https:\/\/www.diocesidinuoro.it\/caritas\/wp-json\/wp\/v2\/categories?post=38"},{"taxonomy":"post_tag","embeddable":true,"href":"https:\/\/www.diocesidinuoro.it\/caritas\/wp-json\/wp\/v2\/tags?post=38"}],"curies":[{"name":"wp","href":"https:\/\/api.w.org\/{rel}","templated":true}]}}