{"id":397,"date":"2024-06-25T23:03:16","date_gmt":"2024-06-25T21:03:16","guid":{"rendered":"https:\/\/www.diocesidinuoro.it\/caritas\/?p=397"},"modified":"2024-06-25T23:03:16","modified_gmt":"2024-06-25T21:03:16","slug":"progetto-mi-sta-a-cuore","status":"publish","type":"post","link":"https:\/\/www.diocesidinuoro.it\/caritas\/progetto-mi-sta-a-cuore\/","title":{"rendered":"Progetto \u00abMi sta a cuore\u00bb"},"content":{"rendered":"<div>\n<p class=\"pspdfkit-8ayy4hjz5h5sb5mqfjxzpc42zw\">La <strong>Caritas Italiana<\/strong> propone per il terzo anno consecutivo <em><strong>Mi sta a cuore<\/strong>,<\/em> progetto promosso quest\u2019anno in collaborazione con AGESCI (Associazione Guide e Scouts Cattolici Italiani). \u00c8 rivolto ai giovani che desiderano mettere a disposizione <strong>un anno della loro vita a servizio degli altri<\/strong>, all\u2019interno di un\u2019esperienza di vita comunitaria. Il tema attorno al quale sar\u00e0 costituita questa edizione \u00e8 quello dell\u2019Ecologia Sociale, per riscoprirci parte attiva dell\u2019Ambiente, dei luoghi e dei territori che viviamo. La proposta \u00e8 articolata in un percorso di formazione, con momenti di verifica, e di servizio. A conclusione dell\u2019anno di attivit\u00e0, ai giovani sar\u00e0 consegnato un attestato finale. Destinatari sono quattro ragazzi e ragazze di et\u00e0 compresa tra i 20 e i 30 anni. Il progetto si svolger\u00e0<strong> dal 16 settembre 2024 al 12 settembre 2025<\/strong>. Le spese di vitto e alloggio sono a carico del progetto; ai giovani selezionati verr\u00e0 dato un rimborso mensile per le spese personali. Le candidature devono essere inviate entro e non oltre il 31 luglio 2024 allegando la documentazione prevista nel bando che pu\u00f2 essere consultato sul sito della Caritas. Per ulteriori informazioni si pu\u00f2 visitare il <a href=\"https:\/\/www.caritas.it\/mistaacuore\/\" target=\"_blank\" rel=\"noopener\">sito della Caritas<\/a> o scrivere a \u00a0mistaacuore@caritas.it<\/p>\n<\/div>\n","protected":false},"excerpt":{"rendered":"<p>La Caritas Italiana propone per il terzo anno consecutivo Mi sta a cuore, progetto promosso quest\u2019anno in collaborazione con AGESCI (Associazione Guide e Scouts Cattolici Italiani). \u00c8 rivolto ai giovani che desiderano mettere a disposizione un anno della loro vita a servizio degli altri, all\u2019interno di un\u2019esperienza di vita comunitaria. Il tema attorno al quale sar\u00e0 costituita questa edizione \u00e8 quello dell\u2019Ecologia Sociale, per riscoprirci &hellip; <a href=\"https:\/\/www.diocesidinuoro.it\/caritas\/progetto-mi-sta-a-cuore\/\" class=\"more-link\">Continua a leggere <span class=\"screen-reader-text\"><\/span> <span class=\"meta-nav\">&raquo;<\/span><\/a><\/p>\n","protected":false},"author":0,"featured_media":398,"comment_status":"closed","ping_status":"closed","sticky":false,"template":"","format":"standard","meta":{"_acf_changed":false,"ip_address":"","user_agent":"","level":"","revision":"","cookie_id":"","page_referer":"","html_form":"","footnotes":""},"categories":[36,37],"tags":[],"acf":[],"_links":{"self":[{"href":"https:\/\/www.diocesidinuoro.it\/caritas\/wp-json\/wp\/v2\/posts\/397"}],"collection":[{"href":"https:\/\/www.diocesidinuoro.it\/caritas\/wp-json\/wp\/v2\/posts"}],"about":[{"href":"https:\/\/www.diocesidinuoro.it\/caritas\/wp-json\/wp\/v2\/types\/post"}],"author":[{"embeddable":true,"href":"https:\/\/www.diocesidinuoro.it\/caritas\/wp-json\/wp\/v2\/users\/6"}],"replies":[{"embeddable":true,"href":"https:\/\/www.diocesidinuoro.it\/caritas\/wp-json\/wp\/v2\/comments?post=397"}],"version-history":[{"count":1,"href":"https:\/\/www.diocesidinuoro.it\/caritas\/wp-json\/wp\/v2\/posts\/397\/revisions"}],"predecessor-version":[{"id":399,"href":"https:\/\/www.diocesidinuoro.it\/caritas\/wp-json\/wp\/v2\/posts\/397\/revisions\/399"}],"wp:featuredmedia":[{"embeddable":true,"href":"https:\/\/www.diocesidinuoro.it\/caritas\/wp-json\/wp\/v2\/media\/398"}],"wp:attachment":[{"href":"https:\/\/www.diocesidinuoro.it\/caritas\/wp-json\/wp\/v2\/media?parent=397"}],"wp:term":[{"taxonomy":"category","embeddable":true,"href":"https:\/\/www.diocesidinuoro.it\/caritas\/wp-json\/wp\/v2\/categories?post=397"},{"taxonomy":"post_tag","embeddable":true,"href":"https:\/\/www.diocesidinuoro.it\/caritas\/wp-json\/wp\/v2\/tags?post=397"}],"curies":[{"name":"wp","href":"https:\/\/api.w.org\/{rel}","templated":true}]}}