{"id":40,"date":"2019-09-11T22:00:00","date_gmt":"2019-09-11T20:00:00","guid":{"rendered":"https:\/\/www.diocesidinuoro.it\/caritas\/la-nuova-mensa-nuoro\/"},"modified":"2022-05-12T16:24:34","modified_gmt":"2022-05-12T14:24:34","slug":"la-nuova-mensa-nuoro","status":"publish","type":"post","link":"https:\/\/www.diocesidinuoro.it\/caritas\/la-nuova-mensa-nuoro\/","title":{"rendered":"La nuova Mensa a Nuoro"},"content":{"rendered":"<p style=\"text-align: justify\">Luned\u00ec 8 settembre monsignor Mos\u00e8 Marcia (nella foto di Gigi Olla) ha benedetto i locali della nuova Mensa della Caritas di via Lombardia a Nuoro alla presenza dei volontari delle parrocchie di Nostra Signora delle Grazie e del Sacro Cuore di Ges\u00f9 che hanno garantito in questi anni un prezioso servizio.<br \/>\nDi seguito l&#8217;intervento della direttrice della Caritas diocesana <strong>suor Pierina Careddu<\/strong>.<\/p>\n<p style=\"text-align: justify\">\u00abFiglioli, non amiamo a parole n\u00e9 con la lingua, ma con i fatti e nella verit\u00e0\u00bb.<br \/>\nQueste parole dell\u2019apostolo Giovanni delineano il comportamento, la coscienza di ogni cristiano, il suo modo di intendere la vita quotidiana. Il \u201cdiscepolo amato\u201d ci ricorda che le parole se anche servono per cambiare il mondo sono poca cosa dinanzi all\u2019esempio e alla testimonianza. Le cose pi\u00f9 importanti della nostra vita le abbiamo originariamente apprese non dalle parole ma da gesti elementari che per osmosi sono diventati nostri, noi. La nostra Fede, qui in Barbagia, \u00e8 nata dal sangue dei martiri e non da discorsi o imposizioni violente.<br \/>\nLa mensa della Caritas \u00e8 frutto di questo sentire e di questa educazione. Nacque nella parrocchia de Le Grazie per iniziativa dei Padri Giuseppini ma soprattutto per il volere caparbio di tanti laici cattolici. Oggi ne ricordiamo uno per tutti, non perch\u00e9 gli altri siano da dimenticare ma perch\u00e9 la gratitudine per lui racchiude quella per tutti: Mario Lostia. Senza decretare l\u2019aureola per nessuno, possiamo per\u00f2 dire che Mario ha incarnato quanto detto da San Giovanni: viveva del suo, lo condivideva con il prossimo e l\u2019estraneo, coinvolse la Caritas in tanti progetti allora da folli. Con canonico Luigino Monni, allora direttore Caritas, con don Francesco Mariani, mise insieme un\u2019altra serie di servizi gratuiti: alloggio tutto compreso per migranti, con annessi e connessi (purtroppo con le successive amare delusioni, stiamo parlando di met\u00e0 anni \u201990) pasti da portare per strada, allestire docce e fornire vestiario. Nel disinteresse dei pi\u00f9, gi\u00e0 allora persone come Mario avevano intuito le necessit\u00e0 dei nuovi tempi. Senza chiedere una lira di soldi pubblici. \u00c8 facile e conveniente essere cosiddetti volontari con retribuzioni camuffate o palesi: altra cosa \u00e8 la pura gratuit\u00e0. La mensa de Le Grazie \u00e8 nata cos\u00ec.<br \/>\nPoi \u00e8 venuta l\u2019iniziativa della Mensa del Sacro Cuore che copriva i giorni nei quali quella de Le Grazie non era pi\u00f9 in grado di garantire il servizio. Anche qui l\u2019iniziativa \u00e8 partita da laici sorretti ed incoraggiati da un parroco: don Piero Mula. Grazie per quanto fatto, per il servizio umilmente reso specie nei giorni in cui tutti si va in ferie ma non certo sono in vacanza bisogni ed emergenze.<br \/>\nArriviamo ad oggi. I bisogni sono cambiati. \u00c8 cambiato Nuoro ed il mondo intero. Il nostro Signore, povero e bisognoso del tuo affetto, bussa sempre alla tua porta che nel frattempo \u00e8 stata sostituita varie volte; bussa alla tua casa cos\u00ec trasformata da non ricordarne i contorni di ieri; ti chiede l\u2019aiuto di sempre eppure incomprensibile nell\u2019ora presente. Monsignor Mos\u00e8 Marcia ha rivoluzionato il modo di intendere la Caritas Diocesana, possiamo dire che l\u2019ha reinventata, coniugando passato e futuro, bisogni conosciuti ed altri insorgenti. Ci lascia due grandi opere (in parte frutto di donazioni) che sono la sede ed il centro delle attivit\u00e0 della Caritas (via Lamarmora) e questo stabile di via Lombardia.<br \/>\nHa tanto voluto il nostro vescovo che il servizio della mensa per i bisognosi venisse accorpato e rilanciato. Ma questo \u00e8 solo un piccolo segno della sua passione per la Chiesa e per gli uomini. Nel mare dei bisogni ha chiamato anche noi suore di San Vincenzo per dargli una mano, per camminare insieme nella strada della carit\u00e0, per testimoniare un amore che non finisce mai. Perch\u00e9 come diceva San Vincenzo i Poveri sono \u201cle membra afflitte di Nostro Signore\u201d. \u00c8 lui, monsignor Mos\u00e8, ad aver fortemente desiderato lo sguardo amorevole di Dio alle persone, nella loro interezza. Da qui la scelta di ristrutturare ad arredare questi locali per renderli realmente accoglienti, creando accanto un servizio docce e lavanderia. Non si tratta semplicemente di fornire un pasto e dei servizi ma di essere strumenti del Padre, desideroso che ogni suo figlio stia davvero bene nel corpo e nello spirito. Monsignor Marc\u00eca, con tanta fatica e lungimiranza, ha ideato e realizzato questa nuova iniziativa che sicuramente fa onore alla citt\u00e0 e alla Diocesi.<br \/>\nLe ristrutturazioni sono state fatte con fondi della Diocesi mentre l\u2019attivit\u00e0 della Mensa, affidata alla Fondazione \u201cGraziano Muntoni\u201d \u00e8 legata per un biennio ad un progetto che la Caritas Diocesana ha presentato per i fondi dell\u20198xmille. Seguendo il suo insegnamento paterno, riproponiamo oggi una sua proposta: Io Volontario: diamo a giovani e adulti diverse possibilit\u00e0 di \u201cimpegnare\u201d il proprio tempo e le proprie forze alla carit\u00e0 verso il prossimo.Le forme di volontariato in Caritas o nei servizi collegati a Caritas possono essere di diverso tipo. Ci sono tanti servizi nei quali impegnare e donare il proprio tempo a seconda delle proprie attitudini. Fatevi sentire.<\/p>\n<p style=\"text-align: justify\">Per quanto riguarda la Mensa:<br \/>\n1) Ha lo scopo di offrire alle persone in difficolt\u00e0 un sostegno secondo la logica dell\u2019accompagnamento e della promozione umana e non del semplice assistenzialismo.<br \/>\n2) Alla mensa possono accedere le persone che ne fanno esplicita richiesta al Centro di Ascolto (CdA) e che quindi sono in possesso dell\u2019apposita autorizzazione. Solo per situazioni emergenziali possono usufruire della mensa persone prive di autorizzazione e che occasionalmente (e non sistematicamente) chiedano di accedervi.<br \/>\n3) Nostra finalit\u00e0 \u00e8 \u201cgarantire la distribuzione dei pasti in modo corretto, sereno, rispettoso\u201d. Che vuol dire:<br \/>\nCorretto: rispettare tutti insieme le regole indicate.<br \/>\nSereno: servire in modo gentile e senza pregiudizi.<br \/>\nRispettoso: agire con cordialit\u00e0 ma senza complicit\u00e0 implicite o esplicite.<\/p>\n<p style=\"text-align: justify\">In questo contesto fatto da persone diverse in giorni diversi, con motivazioni individuali e di gruppo tutte valide e tutte condivisibili, con modalit\u00e0 che necessariamente sono singolari, lavorare per concretizzare la finalit\u00e0 che ci si \u00e8 posti richiede necessariamente vincoli alla libera iniziativa personale e l\u2019adozione di regole che governino in modo coerente e puntuale l\u2019erogazione del servizio.<br \/>\nNon si tratta di applicare norme burocratiche (sulle quali ci sarebbe tanto da dire) ma di vivere una carit\u00e0 pratica che garantisce eguaglianza di trattamento, di utilizzare adeguatamente le risorse, di limitare gli opportunismi: la complessa e sofferente umanit\u00e0 che accede alla mensa deve trovare sempre eguali accoglienza, disponibilit\u00e0, trattamento.<br \/>\nNon si pu\u00f2, infatti, permettere che si inneschino meccanismi di privilegio, abuso, discriminazione fra chi chiede nel rispetto delle regole e chi intende il servizio a proprio uso e consumo.<br \/>\nQueste sono le regole e lo spirito insegnatoci da monsignor Mos\u00e8. Noi le rispetteremo e gli diciamo infinite grazie. Grazie per la vostra presenza e grazie per la mano che vorrete darci. Condividete questo spirito di servizio e vedrete che anche se sei sindaco, prefetto, questore, magistrato, medico di altissimo livello, monsignore eccelso, insegnante con grandi meriti e titoli, semplice uomo mortale, puoi dare la tua mano, la tua ora altrimenti insignificante nel calendario della tua vita. Grazie monsignor Mos\u00e8 per averci insegnato ad amare cos\u00ec le persone e spendere il nostro pellegrinaggio terreno.<\/p>\n","protected":false},"excerpt":{"rendered":"<p>Luned\u00ec 8 settembre monsignor Mos\u00e8 Marcia (nella foto di Gigi Olla) ha benedetto i locali della nuova Mensa della Caritas di via Lombardia a Nuoro alla presenza dei volontari delle parrocchie di Nostra Signora delle Grazie e del Sacro Cuore di Ges\u00f9 che hanno garantito in questi anni un prezioso servizio. Di seguito l&#8217;intervento della direttrice della Caritas diocesana suor Pierina Careddu. \u00abFiglioli, non amiamo &hellip; <a href=\"https:\/\/www.diocesidinuoro.it\/caritas\/la-nuova-mensa-nuoro\/\" class=\"more-link\">Continua a leggere <span class=\"screen-reader-text\"><\/span> <span class=\"meta-nav\">&raquo;<\/span><\/a><\/p>\n","protected":false},"author":0,"featured_media":41,"comment_status":"closed","ping_status":"open","sticky":false,"template":"","format":"standard","meta":{"_acf_changed":false,"ip_address":"","user_agent":"","level":"","revision":"","cookie_id":"","page_referer":"","html_form":"","footnotes":""},"categories":[3,2],"tags":[15,28,21],"acf":[],"_links":{"self":[{"href":"https:\/\/www.diocesidinuoro.it\/caritas\/wp-json\/wp\/v2\/posts\/40"}],"collection":[{"href":"https:\/\/www.diocesidinuoro.it\/caritas\/wp-json\/wp\/v2\/posts"}],"about":[{"href":"https:\/\/www.diocesidinuoro.it\/caritas\/wp-json\/wp\/v2\/types\/post"}],"author":[{"embeddable":true,"href":"https:\/\/www.diocesidinuoro.it\/caritas\/wp-json\/wp\/v2\/users\/3"}],"replies":[{"embeddable":true,"href":"https:\/\/www.diocesidinuoro.it\/caritas\/wp-json\/wp\/v2\/comments?post=40"}],"version-history":[{"count":1,"href":"https:\/\/www.diocesidinuoro.it\/caritas\/wp-json\/wp\/v2\/posts\/40\/revisions"}],"predecessor-version":[{"id":141,"href":"https:\/\/www.diocesidinuoro.it\/caritas\/wp-json\/wp\/v2\/posts\/40\/revisions\/141"}],"wp:featuredmedia":[{"embeddable":true,"href":"https:\/\/www.diocesidinuoro.it\/caritas\/wp-json\/wp\/v2\/media\/41"}],"wp:attachment":[{"href":"https:\/\/www.diocesidinuoro.it\/caritas\/wp-json\/wp\/v2\/media?parent=40"}],"wp:term":[{"taxonomy":"category","embeddable":true,"href":"https:\/\/www.diocesidinuoro.it\/caritas\/wp-json\/wp\/v2\/categories?post=40"},{"taxonomy":"post_tag","embeddable":true,"href":"https:\/\/www.diocesidinuoro.it\/caritas\/wp-json\/wp\/v2\/tags?post=40"}],"curies":[{"name":"wp","href":"https:\/\/api.w.org\/{rel}","templated":true}]}}