{"id":400,"date":"2024-06-25T23:13:52","date_gmt":"2024-06-25T21:13:52","guid":{"rendered":"https:\/\/www.diocesidinuoro.it\/caritas\/?p=400"},"modified":"2024-06-25T23:13:52","modified_gmt":"2024-06-25T21:13:52","slug":"xii-campo-estivo-internazionale-della-caritas-di-cagliari","status":"publish","type":"post","link":"https:\/\/www.diocesidinuoro.it\/caritas\/xii-campo-estivo-internazionale-della-caritas-di-cagliari\/","title":{"rendered":"XII Campo estivo internazionale della Caritas di Cagliari"},"content":{"rendered":"<p style=\"font-weight: 400;\">La <strong>Caritas diocesana di Cagliari<\/strong>, in collaborazione con il Seminario Arcivescovile, i missionari Saveriani di Cagliari, l\u2019Ufficio diocesano Migrantes, la Pastorale Giovanile, la Pastorale Vocazionale diocesana, diverse associazioni e realt\u00e0 di inclusione sociale organizzano il <strong>12\u00b0 Campo Estivo Internazionale<\/strong> per l&#8217;Educazione all&#8217;Ascolto, al Dialogo, alla Riconciliazione e alla Pace. Tema di quest\u2019anno <a href=\"https:\/\/www.caritascagliari.it\/12-campo-estivo-internazionale-gli-occhi-del-cuore\/\" target=\"_blank\" rel=\"noopener\"><em>Gli Occhi del Cuore<\/em><\/a>. Il campo si terr\u00e0 <strong>dal 28 luglio al 4 agosto 2024<\/strong> a Cagliari. Esso offre una preziosa opportunit\u00e0 di vita comunitaria, includendo attivit\u00e0 di servizio ai pi\u00f9 bisognosi, momenti di preghiera e spiritualit\u00e0, sessioni formative sui temi pace, dialogo interreligioso, giustizia sociale, sostenibilit\u00e0 e cura del creato. La partecipazione \u00e8 gratuita. Per informazioni si pu\u00f2 contattare la Caritas diocesana di Nuoro o direttamente l&#8217;Ufficio Caritas Area Giovani \u2013 Educazione alla Mondialit\u00e0 \u2013 all\u2019indirizzo: animazione@caritascagliari.it tel. 070\/52843238, cell. 3461459219.<\/p>\n<p>&nbsp;<\/p>\n<p style=\"text-align: center;\"><img loading=\"lazy\" decoding=\"async\" class=\"alignnone size-large wp-image-402\" src=\"https:\/\/www.diocesidinuoro.it\/caritas\/wp-content\/uploads\/sites\/4\/2024\/06\/Screenshot-2024-06-25-alle-23.10.50-724x1024.png\" alt=\"\" width=\"724\" height=\"1024\" srcset=\"https:\/\/www.diocesidinuoro.it\/caritas\/wp-content\/uploads\/sites\/4\/2024\/06\/Screenshot-2024-06-25-alle-23.10.50-724x1024.png 724w, https:\/\/www.diocesidinuoro.it\/caritas\/wp-content\/uploads\/sites\/4\/2024\/06\/Screenshot-2024-06-25-alle-23.10.50-212x300.png 212w, https:\/\/www.diocesidinuoro.it\/caritas\/wp-content\/uploads\/sites\/4\/2024\/06\/Screenshot-2024-06-25-alle-23.10.50-768x1086.png 768w, https:\/\/www.diocesidinuoro.it\/caritas\/wp-content\/uploads\/sites\/4\/2024\/06\/Screenshot-2024-06-25-alle-23.10.50-1086x1536.png 1086w, https:\/\/www.diocesidinuoro.it\/caritas\/wp-content\/uploads\/sites\/4\/2024\/06\/Screenshot-2024-06-25-alle-23.10.50-600x849.png 600w, https:\/\/www.diocesidinuoro.it\/caritas\/wp-content\/uploads\/sites\/4\/2024\/06\/Screenshot-2024-06-25-alle-23.10.50-800x1131.png 800w, https:\/\/www.diocesidinuoro.it\/caritas\/wp-content\/uploads\/sites\/4\/2024\/06\/Screenshot-2024-06-25-alle-23.10.50.png 1108w\" sizes=\"(max-width: 724px) 100vw, 724px\" \/><\/p>\n","protected":false},"excerpt":{"rendered":"<p>La Caritas diocesana di Cagliari, in collaborazione con il Seminario Arcivescovile, i missionari Saveriani di Cagliari, l\u2019Ufficio diocesano Migrantes, la Pastorale Giovanile, la Pastorale Vocazionale diocesana, diverse associazioni e realt\u00e0 di inclusione sociale organizzano il 12\u00b0 Campo Estivo Internazionale per l&#8217;Educazione all&#8217;Ascolto, al Dialogo, alla Riconciliazione e alla Pace. Tema di quest\u2019anno Gli Occhi del Cuore. Il campo si terr\u00e0 dal 28 luglio al 4 &hellip; <a href=\"https:\/\/www.diocesidinuoro.it\/caritas\/xii-campo-estivo-internazionale-della-caritas-di-cagliari\/\" class=\"more-link\">Continua a leggere <span class=\"screen-reader-text\"><\/span> <span class=\"meta-nav\">&raquo;<\/span><\/a><\/p>\n","protected":false},"author":0,"featured_media":401,"comment_status":"closed","ping_status":"closed","sticky":false,"template":"","format":"standard","meta":{"_acf_changed":false,"ip_address":"","user_agent":"","level":"","revision":"","cookie_id":"","page_referer":"","html_form":"","footnotes":""},"categories":[36,37],"tags":[],"acf":[],"_links":{"self":[{"href":"https:\/\/www.diocesidinuoro.it\/caritas\/wp-json\/wp\/v2\/posts\/400"}],"collection":[{"href":"https:\/\/www.diocesidinuoro.it\/caritas\/wp-json\/wp\/v2\/posts"}],"about":[{"href":"https:\/\/www.diocesidinuoro.it\/caritas\/wp-json\/wp\/v2\/types\/post"}],"author":[{"embeddable":true,"href":"https:\/\/www.diocesidinuoro.it\/caritas\/wp-json\/wp\/v2\/users\/6"}],"replies":[{"embeddable":true,"href":"https:\/\/www.diocesidinuoro.it\/caritas\/wp-json\/wp\/v2\/comments?post=400"}],"version-history":[{"count":1,"href":"https:\/\/www.diocesidinuoro.it\/caritas\/wp-json\/wp\/v2\/posts\/400\/revisions"}],"predecessor-version":[{"id":403,"href":"https:\/\/www.diocesidinuoro.it\/caritas\/wp-json\/wp\/v2\/posts\/400\/revisions\/403"}],"wp:featuredmedia":[{"embeddable":true,"href":"https:\/\/www.diocesidinuoro.it\/caritas\/wp-json\/wp\/v2\/media\/401"}],"wp:attachment":[{"href":"https:\/\/www.diocesidinuoro.it\/caritas\/wp-json\/wp\/v2\/media?parent=400"}],"wp:term":[{"taxonomy":"category","embeddable":true,"href":"https:\/\/www.diocesidinuoro.it\/caritas\/wp-json\/wp\/v2\/categories?post=400"},{"taxonomy":"post_tag","embeddable":true,"href":"https:\/\/www.diocesidinuoro.it\/caritas\/wp-json\/wp\/v2\/tags?post=400"}],"curies":[{"name":"wp","href":"https:\/\/api.w.org\/{rel}","templated":true}]}}