{"id":409,"date":"2024-08-03T17:35:02","date_gmt":"2024-08-03T15:35:02","guid":{"rendered":"https:\/\/www.diocesidinuoro.it\/caritas\/?p=409"},"modified":"2024-08-03T18:04:55","modified_gmt":"2024-08-03T16:04:55","slug":"xxxii-edizione-di-puliamo-il-mondo","status":"publish","type":"post","link":"https:\/\/www.diocesidinuoro.it\/caritas\/xxxii-edizione-di-puliamo-il-mondo\/","title":{"rendered":"XXXII edizione di Puliamo il Mondo"},"content":{"rendered":"<p><span style=\"font-size: inherit;\">La campagna internazionale <\/span><i style=\"font-size: inherit;\">Clean up the World<\/i><span style=\"font-size: inherit;\"> si concretizza ogni anno con un momento di <\/span>mobilitazione civile a livello globale, con appuntamenti in pi\u00f9 di 130 paesi. Quest\u2019anno, la trentaduesima edizione della di <b>Puliamo il Mondo<\/b>, offre ancora una volta la possibilit\u00e0 di affermare uno stile di protagonismo delle realt\u00e0 locali nel rigenerare siti urbani e periurbani sottratti al degrado e dall\u2019abbandono.<\/p>\n<p>Legambiente promuove questa campagna, con attivit\u00e0 tese a favorire un clima di dialogo e inclusione con le fasce pi\u00f9 vulnerabili della popolazione, le associazioni, i comitati cittadini fino a coinvolgere attivamente le amministrazioni locali.<\/p>\n<p>Possiamo testimoniare la possibilit\u00e0 di costruire comunit\u00e0 locali che promuovono la pace e il rispetto della diversit\u00e0, rifiutando la guerra, ogni forma di violenza, di odio e discriminazione; per questa ragione il messaggio della trentaduesima edizione di Puliamo il Mondo \u00e8 \u201c<strong>PER UN CLIMA DI PACE<\/strong>\u201d.<\/p>\n<p>Le date ufficiali dell\u2019iniziativa sono <strong>20, 21 e 22 settembre 2024<\/strong>, durante le quali si svolgeranno eventi su tutto il territorio nazionale. Anche quest&#8217;anno sar\u00e0 davvero importante condividere le fondamenta della transizione ecologica: giustizia climatica e giustizia sociale vanno di pari passo.<\/p>\n<p>La Chiesa \u00e8 sempre molto attenta a questi temi, che trovano una forte centralit\u00e0 nel Magistero pi\u00f9 recente di Papa Francesco: l\u2019enciclica <i>Laudato Si\u2019<\/i> e l\u2019esortazione apostolica <i>Laudate Deum <\/i>richiamano ognuno di noi ad una prospettiva di conversione ecologica, per creare condivisione e fraternit\u00e0. Per le Caritas pu\u00f2 essere un\u2019occasione preziosa attraverso cui renderci presenti nei nostri territori, promuovere il coinvolgimento dei giovani sensibili a questi temi, costruire o rafforzare le reti territoriali e animare, anche in questo modo, la comunit\u00e0.<\/p>\n<p>Per aderire \u00e8 necessario <strong>contattare il Servizio Caritas della Diocesi di Nuoro<\/strong> e iscriversi <strong><a href=\"https:\/\/forms.office.com\/Pages\/ResponsePage.aspx?id=Qpkr0K8Bdk2yPlYY26e4w6Q6TMVcBk9Hk5aWZAWkXX9UMUIwTklNWVZXQ0kxOVIzV1o4SFlHTldYRy4u\" target=\"_blank\" rel=\"noopener\">con questo form<\/a><\/strong>; per avere qualunque ulteriore informazione o chiarimento, potete visitare il sito <a href=\"https:\/\/puliamoilmondo.it\/2024\/06\/26\/e-ufficialmente-partita-la-xxxii-edizione-di-puliamo-il-mondo-per-un-clima-di-pace\/\" target=\"_blank\" rel=\"noopener\">www.puliamoilmondo.it<\/a> o scrivere all\u2019indirizzo puliamoilmondo@legambiente.it.<\/p>\n<p>&nbsp;<\/p>\n<p><a href=\"https:\/\/www.diocesidinuoro.it\/caritas\/wp-content\/uploads\/sites\/4\/2024\/08\/2024.09-Puliamo-Il-Mondo.pdf\"><span style=\"color: #333399;\">Qui la circolare:<\/span> 2024.09 Puliamo Il Mondo<\/a><\/p>\n<p>&nbsp;<\/p>\n<hr class=\"wpba_attachment_hr\"><div id='wpba_attachment_list' class='wpba wpba-wrap'>\n<ul class='wpba-attachment-list unstyled'><li id='wpba_attachment_list_413' class='wpba-list-item pull-left'><img src='https:\/\/www.diocesidinuoro.it\/caritas\/wp-content\/themes\/wp-starter-so\/icons\/document.png' width='16' height='20' class='wpba-icon pull-left'><a href='https:\/\/www.diocesidinuoro.it\/caritas\/wp-content\/uploads\/sites\/4\/2024\/08\/2024.09-Puliamo-Il-Mondo.pdf' title='2024.09 Puliamo Il Mondo' class='wpba-link pull-left' target=\"_blank\">2024.09 Puliamo Il Mondo<\/a><\/li>\n<\/ul><\/div>\n","protected":false},"excerpt":{"rendered":"<p>La campagna internazionale Clean up the World si concretizza ogni anno con un momento di mobilitazione civile a livello globale, con appuntamenti in pi\u00f9 di 130 paesi. Quest\u2019anno, la trentaduesima edizione della di Puliamo il Mondo, offre ancora una volta la possibilit\u00e0 di affermare uno stile di protagonismo delle realt\u00e0 locali nel rigenerare siti urbani e periurbani sottratti al degrado e dall\u2019abbandono. Legambiente promuove questa &hellip; <a href=\"https:\/\/www.diocesidinuoro.it\/caritas\/xxxii-edizione-di-puliamo-il-mondo\/\" class=\"more-link\">Continua a leggere <span class=\"screen-reader-text\"><\/span> <span class=\"meta-nav\">&raquo;<\/span><\/a><\/p>\n","protected":false},"author":0,"featured_media":411,"comment_status":"closed","ping_status":"closed","sticky":false,"template":"","format":"standard","meta":{"_acf_changed":false,"ip_address":"","user_agent":"","level":"","revision":"","cookie_id":"","page_referer":"","html_form":"","footnotes":""},"categories":[3,2],"tags":[],"acf":[],"_links":{"self":[{"href":"https:\/\/www.diocesidinuoro.it\/caritas\/wp-json\/wp\/v2\/posts\/409"}],"collection":[{"href":"https:\/\/www.diocesidinuoro.it\/caritas\/wp-json\/wp\/v2\/posts"}],"about":[{"href":"https:\/\/www.diocesidinuoro.it\/caritas\/wp-json\/wp\/v2\/types\/post"}],"author":[{"embeddable":true,"href":"https:\/\/www.diocesidinuoro.it\/caritas\/wp-json\/wp\/v2\/users\/6"}],"replies":[{"embeddable":true,"href":"https:\/\/www.diocesidinuoro.it\/caritas\/wp-json\/wp\/v2\/comments?post=409"}],"version-history":[{"count":2,"href":"https:\/\/www.diocesidinuoro.it\/caritas\/wp-json\/wp\/v2\/posts\/409\/revisions"}],"predecessor-version":[{"id":414,"href":"https:\/\/www.diocesidinuoro.it\/caritas\/wp-json\/wp\/v2\/posts\/409\/revisions\/414"}],"wp:featuredmedia":[{"embeddable":true,"href":"https:\/\/www.diocesidinuoro.it\/caritas\/wp-json\/wp\/v2\/media\/411"}],"wp:attachment":[{"href":"https:\/\/www.diocesidinuoro.it\/caritas\/wp-json\/wp\/v2\/media?parent=409"}],"wp:term":[{"taxonomy":"category","embeddable":true,"href":"https:\/\/www.diocesidinuoro.it\/caritas\/wp-json\/wp\/v2\/categories?post=409"},{"taxonomy":"post_tag","embeddable":true,"href":"https:\/\/www.diocesidinuoro.it\/caritas\/wp-json\/wp\/v2\/tags?post=409"}],"curies":[{"name":"wp","href":"https:\/\/api.w.org\/{rel}","templated":true}]}}