{"id":52,"date":"2020-05-31T22:00:00","date_gmt":"2020-05-31T20:00:00","guid":{"rendered":"https:\/\/www.diocesidinuoro.it\/caritas\/creatttori-del-futuro\/"},"modified":"2022-05-12T16:24:34","modified_gmt":"2022-05-12T14:24:34","slug":"creatttori-del-futuro","status":"publish","type":"post","link":"https:\/\/www.diocesidinuoro.it\/caritas\/creatttori-del-futuro\/","title":{"rendered":"CreAt(t)tori del futuro"},"content":{"rendered":"<p style=\"text-align: justify\">La Caritas di Nuoro, si impegna nel territorio per promuovere e sostenere percorsi educativi rivolti alle giovani generazioni capaci di rispondere alle domande di vita presenti nella comunit\u00e0.\u00a0Nel progetto \u201cCreA(t)tori del futuro\u201d educare alla cittadinanza significa rendere gli studenti attivi nella creazione di buone prassi che non rimangano fine a se stesse ma che saranno le basi per la costruzione di un futuro migliore non solo per se stessi ma per l\u2019intera comunit\u00e0.<br \/>\nTutto ci\u00f2 parte dall\u2019idea che il presente sia il custode del futuro. Infatti attraverso questo percorso gli studenti potranno incontrare diverse realt\u00e0 del territorio, sperimentare delle azioni concrete e acquisire dei valori che arricchiranno il loro bagaglio personale consentendogli di essere dei cittadini attivi e consapevoli anche nel loro futuro. L&#8217;Italia, come altri paesi Europei, vive questo nuovo millennio in un clima di crescente migrazione e di presenze di mondi, culture e credi diversi fra contesti locali che si arricchiscono di lingue, profumi, sapori e colori dalle provenienze pi\u00f9 svariate. Nell&#8217;attuale quadro sociale, l&#8217;incontro con l&#8217;altro con il \u201cdiverso\u201d non \u00e8 pi\u00f9 limitato ad episodi sporadici, ma rientra nelle situazioni di vita quotidiana. \u00c8 a quest&#8217;ultima che bisogna far riferimento per comprendere gli ambienti della societ\u00e0 globale. Nel tempo il nostro paese ha visto invertire la tradizionale tendenza per ci\u00f2 che concerne i flussi migratori trasformandosi da paese di emigrazione a paese di immigrazione. Questo progetto, mira all&#8217;inserimento dignitoso di chi vive nel territorio e ad educare i giovani alla conoscenza e al rispetto delle diversit\u00e0 che sono entrate a far parte del nostro quotidiano, per creare uno spirito di accoglienza, mutua accettazione, scambio costruttivo e arricchimento di valori. Al di fuori della famiglia, la scuola \u00e8 l&#8217;ambiente in cui si acquisiscono quei valori che ci accompagneranno per tutta la vita.<\/p>\n<p style=\"text-align: justify\">OBIETTIVI<\/p>\n<p style=\"text-align: justify\">&#8211; Promuovere una cittadinanza capace di rendere i giovani protagonisti nella costruzione del loro futuro.<br \/>\n&#8211; Favorire la scoperta di s\u00e9 e del proprio ruolo all\u2019interno della comunit\u00e0.<br \/>\n&#8211; Favorire l\u2019incontro con persone ed esperienze che suscitino domande di senso sulla propria vita.<br \/>\n&#8211; Educare al rispetto e alla tolleranza attraverso la conoscenza di altre culture.<br \/>\n&#8211; Facilitare l\u2019inserimento sociale e scolastico degli studenti extracomunitari.<br \/>\n&#8211; Promuovere l\u2019educazione alla legalit\u00e0 e alla solidariet\u00e0.<\/p>\n<p style=\"text-align: justify\">A conclusione del progetto si attendono i seguenti risultati:<br \/>\n&#8211; Miglioramento dell&#8217;accoglienza degli alunni stranieri nelle Scuole.<br \/>\n&#8211; Intensificazione della sensibilizzazione all&#8217;interculturalit\u00e0 e ai valori del rispetto delle diversit\u00e0.<br \/>\n&#8211; Valorizzazione della presenza immigrata.<br \/>\n&#8211; Scambio costruttivo di esperienze.<\/p>\n<p style=\"text-align: justify\"><b>PARTNER ISTITUZIONALI ED ECCLESIALI:<\/b>Fondazione \u201cdon Graziano Muntoni\u201d, Compagnia Teatrale Bocheteatro, Associazione accoglienza migranti Cagliari, SPRAR,\u00a0\u00a0e associazione Nuoro Migrantes casa Asproni.<br \/>\n<b>DESTINATARI:\u00a0<\/b>Studenti della scuola secondaria superiore di Nuoro. Il progetto prevede l\u2019adesione di 2\/3 classi.<br \/>\n<b>DESTINATARI INDIRETTI:<\/b>Studenti CPIA, volontari, operatori, giovani e adulti coinvolti come partner e attraverso la condivisione diretta delle realt\u00e0 del territorio.<br \/>\n<b>DURATA DEL PROGETTO:\u00a0<\/b>da Novembre ad Aprile, durante l\u2019orario scolastico.<\/p>\n<p style=\"text-align: center\">***<\/p>\n<ul>\n<li><strong>Il progetto realizzato dagli studenti dell&#8217;ITC Salvatore Satta di Nuoro<\/strong><br \/>\n<a href=\"http:\/\/www.itcsatta.edu.it\/progetto-creattori\/\" target=\"_blank\" rel=\"noopener\">http:\/\/www.itcsatta.edu.it\/progetto-creattori\/<\/a><\/li>\n<\/ul>\n<p>&nbsp;<\/p>\n","protected":false},"excerpt":{"rendered":"<p>La Caritas di Nuoro, si impegna nel territorio per promuovere e sostenere percorsi educativi rivolti alle giovani generazioni capaci di rispondere alle domande di vita presenti nella comunit\u00e0.\u00a0Nel progetto \u201cCreA(t)tori del futuro\u201d educare alla cittadinanza significa rendere gli studenti attivi nella creazione di buone prassi che non rimangano fine a se stesse ma che saranno le basi per la costruzione di un futuro migliore non &hellip; <a href=\"https:\/\/www.diocesidinuoro.it\/caritas\/creatttori-del-futuro\/\" class=\"more-link\">Continua a leggere <span class=\"screen-reader-text\"><\/span> <span class=\"meta-nav\">&raquo;<\/span><\/a><\/p>\n","protected":false},"author":0,"featured_media":53,"comment_status":"closed","ping_status":"open","sticky":false,"template":"","format":"standard","meta":{"_acf_changed":false,"ip_address":"","user_agent":"","level":"","revision":"","cookie_id":"","page_referer":"","html_form":"","footnotes":""},"categories":[3,2],"tags":[32,21,33],"acf":[],"_links":{"self":[{"href":"https:\/\/www.diocesidinuoro.it\/caritas\/wp-json\/wp\/v2\/posts\/52"}],"collection":[{"href":"https:\/\/www.diocesidinuoro.it\/caritas\/wp-json\/wp\/v2\/posts"}],"about":[{"href":"https:\/\/www.diocesidinuoro.it\/caritas\/wp-json\/wp\/v2\/types\/post"}],"author":[{"embeddable":true,"href":"https:\/\/www.diocesidinuoro.it\/caritas\/wp-json\/wp\/v2\/users\/3"}],"replies":[{"embeddable":true,"href":"https:\/\/www.diocesidinuoro.it\/caritas\/wp-json\/wp\/v2\/comments?post=52"}],"version-history":[{"count":1,"href":"https:\/\/www.diocesidinuoro.it\/caritas\/wp-json\/wp\/v2\/posts\/52\/revisions"}],"predecessor-version":[{"id":135,"href":"https:\/\/www.diocesidinuoro.it\/caritas\/wp-json\/wp\/v2\/posts\/52\/revisions\/135"}],"wp:featuredmedia":[{"embeddable":true,"href":"https:\/\/www.diocesidinuoro.it\/caritas\/wp-json\/wp\/v2\/media\/53"}],"wp:attachment":[{"href":"https:\/\/www.diocesidinuoro.it\/caritas\/wp-json\/wp\/v2\/media?parent=52"}],"wp:term":[{"taxonomy":"category","embeddable":true,"href":"https:\/\/www.diocesidinuoro.it\/caritas\/wp-json\/wp\/v2\/categories?post=52"},{"taxonomy":"post_tag","embeddable":true,"href":"https:\/\/www.diocesidinuoro.it\/caritas\/wp-json\/wp\/v2\/tags?post=52"}],"curies":[{"name":"wp","href":"https:\/\/api.w.org\/{rel}","templated":true}]}}