{"id":54,"date":"2020-07-10T22:00:00","date_gmt":"2020-07-10T20:00:00","guid":{"rendered":"https:\/\/www.diocesidinuoro.it\/caritas\/lincontro-tra-il-vescovo-e-volontari\/"},"modified":"2022-05-12T16:24:34","modified_gmt":"2022-05-12T14:24:34","slug":"lincontro-tra-il-vescovo-e-volontari","status":"publish","type":"post","link":"https:\/\/www.diocesidinuoro.it\/caritas\/lincontro-tra-il-vescovo-e-volontari\/","title":{"rendered":"L&#8217;incontro tra il Vescovo e i volontari"},"content":{"rendered":"<h5 style=\"text-align: center\"><span style=\"color: #333333\">\u00abSiate volontari liberi, ecclesiali e coraggiosi\u00bb<\/span><\/h5>\n<p style=\"text-align: justify\">L\u2019incontro del vescovo Antonello con i volontari della Caritas diocesana ha avuto luogo lo scorso primo luglio nella parrocchia Sacro Cuore a Nuoro, che ha accolto tutti gli operatori nel salone dell\u2019Oratorio.<br \/>\nAlla luce della preghiera e della meditazione sulla Parola (Atti 4,32-35), la riflessione ha riguardato la domanda su quale sia l\u2019immagine della Chiesa che emerge attraverso la Caritas.\u00a0Partendo dalla certezza che la Caritas presenta un\u2019esperienza di Chiesa fortemente fraterna, ha evidenziato la necessit\u00e0 di mantenere sempre una stretta unione tra \u201cil bisogno di Dio\u201d \u2013 che si esprime come attesa e come risposta alle domande fondamentali della vita \u2013 e \u201cil bisogno di pane\u201d, che passa da necessit\u00e0 primarie, alle quali la Caritas, come Chiesa, \u00e8 chiamata a non rimanere indifferente.<br \/>\nSvolgere \u201copera di carit\u00e0\u201d significa allora mostrare il volto di una Chiesa che, con questa dimensione, offre Ges\u00f9 attento al prossimo, particolarmente al pi\u00f9 bisognoso. L\u2019obiettivo finale, sempre \u2013 ha detto il Vescovo \u2013 \u00e8 quello che \u201cnessuno sia bisognoso\u201d, n\u00e9 di pane n\u00e9 di parola.\u00a0La carit\u00e0 della Chiesa si presenta allora umilmente, come il Suo Signore, e per questo pu\u00f2 essere feconda, proprio perch\u00e9 non ha altro fondamento che i gesti e le parole di Ges\u00f9. C\u2019\u00e8 quindi un profondo legame tra Liturgia e Carit\u00e0, perch\u00e9 anche nella celebrazione \u2013 particolarmente nella Messa \u2013 ognuno quando\u00a0riceve il Signore \u00e8 chiamato a donarlo, facendo \u201ccarit\u00e0\u201d, cio\u00e8 amando e trasmettendo ci\u00f2 che lui stesso ha umilmente chiesto a Dio, desiderando il pane di vita.<br \/>\nIl vescovo Antonello, nel ringraziare pi\u00f9 volte tutti gli operatori, parrocchiali e diocesani, non ha per\u00f2 evitato di ricordare i rischi del \u201cvolontario Caritas\u201d, quali il voler \u201cmarcare il proprio territorio\u201d, chiudendosi in gruppi ristretti, oppure quello di non aprirsi a collaborazioni pi\u00f9 ampie, quasi evitando di mettere in campo energie e risorse comuni con altre associazioni del territorio, non solo ecclesiali.<br \/>\nAlla riflessione del Vescovo \u00e8 seguita un\u2019ampia condivisione di temi e di questioni che meriteranno in futuro un approfondimento, tra le quali la necessit\u00e0 di una formazione parrocchiale e diocesana, sempre pi\u00f9 opportuna e necessaria che sia aperta al coinvolgimento dei giovani e dei ragazzi delle comunit\u00e0 parrocchiali.<\/p>\n<p>\u00a9 riproduzione riservata<\/p>\n","protected":false},"excerpt":{"rendered":"<p>\u00abSiate volontari liberi, ecclesiali e coraggiosi\u00bb L\u2019incontro del vescovo Antonello con i volontari della Caritas diocesana ha avuto luogo lo scorso primo luglio nella parrocchia Sacro Cuore a Nuoro, che ha accolto tutti gli operatori nel salone dell\u2019Oratorio. Alla luce della preghiera e della meditazione sulla Parola (Atti 4,32-35), la riflessione ha riguardato la domanda su quale sia l\u2019immagine della Chiesa che emerge attraverso la &hellip; <a href=\"https:\/\/www.diocesidinuoro.it\/caritas\/lincontro-tra-il-vescovo-e-volontari\/\" class=\"more-link\">Continua a leggere <span class=\"screen-reader-text\"><\/span> <span class=\"meta-nav\">&raquo;<\/span><\/a><\/p>\n","protected":false},"author":0,"featured_media":55,"comment_status":"closed","ping_status":"open","sticky":false,"template":"","format":"standard","meta":{"_acf_changed":false,"ip_address":"","user_agent":"","level":"","revision":"","cookie_id":"","page_referer":"","html_form":"","footnotes":""},"categories":[3,2],"tags":[15,34,35],"acf":[],"_links":{"self":[{"href":"https:\/\/www.diocesidinuoro.it\/caritas\/wp-json\/wp\/v2\/posts\/54"}],"collection":[{"href":"https:\/\/www.diocesidinuoro.it\/caritas\/wp-json\/wp\/v2\/posts"}],"about":[{"href":"https:\/\/www.diocesidinuoro.it\/caritas\/wp-json\/wp\/v2\/types\/post"}],"author":[{"embeddable":true,"href":"https:\/\/www.diocesidinuoro.it\/caritas\/wp-json\/wp\/v2\/users\/3"}],"replies":[{"embeddable":true,"href":"https:\/\/www.diocesidinuoro.it\/caritas\/wp-json\/wp\/v2\/comments?post=54"}],"version-history":[{"count":1,"href":"https:\/\/www.diocesidinuoro.it\/caritas\/wp-json\/wp\/v2\/posts\/54\/revisions"}],"predecessor-version":[{"id":134,"href":"https:\/\/www.diocesidinuoro.it\/caritas\/wp-json\/wp\/v2\/posts\/54\/revisions\/134"}],"wp:featuredmedia":[{"embeddable":true,"href":"https:\/\/www.diocesidinuoro.it\/caritas\/wp-json\/wp\/v2\/media\/55"}],"wp:attachment":[{"href":"https:\/\/www.diocesidinuoro.it\/caritas\/wp-json\/wp\/v2\/media?parent=54"}],"wp:term":[{"taxonomy":"category","embeddable":true,"href":"https:\/\/www.diocesidinuoro.it\/caritas\/wp-json\/wp\/v2\/categories?post=54"},{"taxonomy":"post_tag","embeddable":true,"href":"https:\/\/www.diocesidinuoro.it\/caritas\/wp-json\/wp\/v2\/tags?post=54"}],"curies":[{"name":"wp","href":"https:\/\/api.w.org\/{rel}","templated":true}]}}