{"id":555,"date":"2025-01-16T09:58:06","date_gmt":"2025-01-16T08:58:06","guid":{"rendered":"https:\/\/www.diocesidinuoro.it\/caritas\/?p=555"},"modified":"2025-02-01T09:53:49","modified_gmt":"2025-02-01T08:53:49","slug":"cosa-significa-per-caritas-celebrare-il-giubileo","status":"publish","type":"post","link":"https:\/\/www.diocesidinuoro.it\/caritas\/cosa-significa-per-caritas-celebrare-il-giubileo\/","title":{"rendered":"Cosa significa per Caritas celebrare il Giubileo"},"content":{"rendered":"<p>I momenti centrali per Caritas durante il Giubileo saranno il Giubileo del volontariato, l\u20198 e 9 marzo, e il Giubileo dei poveri, in occasione della Giornata mondiale dei poveri a novembre. Le diocesi saranno coinvolte in cinque progetti su microcredito, reinserimento di donne e bambini, lotta alla povert\u00e0 alimentare ed educativa, corridoi umanitari e microprogetti di sviluppo nei Paesi vulnerabili. Lo spiega don Marco Pagniello, direttore di Caritas Italiana.<\/p>\n<p>\u201cQuesto anno di grazia non pu\u00f2 prescindere dall\u2019attenzione ai poveri, dalla pratica dell\u2019accoglienza, dall\u2019uso responsabile dei beni e dalla promozione della giustizia sociale. \u00c8 il momento di riscoprire che ogni gesto, anche il pi\u00f9 piccolo, pu\u00f2 essere un seme di speranza\u201d: a parlare al\u00a0<em>Sir\u00a0<\/em>di\u00a0<strong><a href=\"https:\/\/www.caritas.it\/giubileo2025\/\" target=\"_blank\" rel=\"noreferrer noopener\">come Caritas italiana e Caritas diocesane vivranno il Giubileo 2025<\/a><\/strong>\u00a0che si inaugura il 24 dicembre con l\u2019apertura della Porta Santa \u00e8 il direttore don\u00a0<strong>Marco Pagniello<\/strong>. Caritas italiana animer\u00e0 durante l\u2019anno diverse iniziative, tra cui la campagna \u201cCambiare la rotta\u201d, in collaborazione con altre organizzazioni, per sensibilizzare sui temi della giustizia locale e globale, con particolare attenzione al debito estero e al clima. Gli appuntamenti clou saranno l\u20198 e 9 marzo, insieme alle Caritas diocesane in Italia, con la celebrazione del Giubileo del mondo del volontariato e il Giubileo dei poveri a novembre, in occasione della Giornata mondiale dei poveri. Le comunit\u00e0 diocesane saranno inoltre invitate a partecipare a cinque progetti nell\u2019ambito del microcredito, nel reinserimento di donne e bambini che scelgono di allontanarsi da contesti difficili, contro la povert\u00e0 alimentare e educativa e a favore dei corridoi umanitari, universitari e lavorativi per migranti e rifugiati e di microprogetti di sviluppo nei Paesi pi\u00f9 vulnerabili.<\/p>\n<p><strong>Cosa rappresenta per il mondo Caritas e per i poveri celebrare il Giubileo?<\/strong><\/p>\n<p>Il Giubileo rappresenta per la Chiesa un tempo privilegiato per sostare dinanzi a Dio, trovare ristoro e rinnovare le radici profonde della nostra missione. Come Caritas, ci sentiamo chiamati a vivere questo tempo con rinnovata responsabilit\u00e0.<\/p>\n<p><strong>\u00c8 per noi un\u2019occasione per rileggere e dare nuovo slancio alle nostre opere segno:<\/strong><\/p>\n<p>partendo dagli ultimi e seguendo lo stile del Vangelo, scegliamo di essere \u201cnoi stessi\u201d segno di speranza per le nostre famiglie, i territori che serviamo, la Chiesa locale e l\u2019intera comunit\u00e0. Con creativit\u00e0, continuiamo a testimoniare la bellezza di essere cristiani e la gioia di essere battezzati. Questo anno di grazia non pu\u00f2 prescindere dall\u2019attenzione ai poveri, dalla pratica dell\u2019accoglienza, dall\u2019uso responsabile dei beni e dalla promozione della giustizia sociale. \u00c8 il momento di riscoprire che ogni gesto, anche il pi\u00f9 piccolo, pu\u00f2 essere un seme di speranza, un invito a lasciare un segno nel cuore delle nostre comunit\u00e0 e <span style=\"font-size: inherit;\">coltivare la fraternit\u00e0 come antidoto alla solitudine e alla\u00a0<\/span><em style=\"font-size: inherit;\">disperazione<\/em><span style=\"font-size: inherit;\">.<\/span><\/p>\n<p><strong>Cosa caratterizzer\u00e0 questo anno speciale e su quali temi porrete l\u2019accento?<\/strong><\/p>\n<p>Una dimensione fondamentale sar\u00e0, accogliendo l\u2019invito di Papa Francesco, la fraternit\u00e0 universale. Guardare al futuro con speranza significa anzitutto riconoscere che il bene pu\u00f2 sempre emergere anche dalle situazioni pi\u00f9 oscure. Don Andrea Santoro, il sacerdote martirizzato a Trabzon, in Turchia, il 5 febbraio 2006, nella sua ultima lettera scriveva: \u201c<em>\u00e8 giusto vedere il filo d\u2019erba verde anche quando stiamo attraversando una steppa<\/em>\u201d. La speranza \u00e8, dunque, un dono che ci permette di sognare non solo per noi stessi, ma per un mondo intero che attende di essere rigenerato dall\u2019amore e ci spinge ad ascoltare, incontrare e camminare insieme per costruire nuove opportunit\u00e0 per tutti. In questo contesto, Caritas vuole sottolineare l\u2019urgenza di \u201cCambiare la rotta\u201d, tema di una campagna promossa in collaborazione con altre organizzazioni e immaginata come uno strumento di formazione e sensibilizzazione nell\u2019anno giubilare sui temi della giustizia locale e globale, con particolare attenzione ai temi del debito e del clima.<\/p>\n<p><strong>Quali sono le principali iniziative organizzate da Caritas Italiana per il Giubileo?<\/strong><\/p>\n<p>Caritas invita le comunit\u00e0 ecclesiali italiane a partecipare a <span style=\"font-size: inherit;\">cinque progetti, mirati a promuovere la dignit\u00e0 e la libert\u00e0 di ogni persona, con particolare attenzione ai poveri, in vista dello sviluppo umano integrale.<\/span><\/p>\n<p>Il progetto di microcredito \u201cMi fido di Noi\u201d sostiene chi, pur non avendo accesso al credito tradizionale, desidera ricominciare; \u201cLiberi di scegliere\u201d offre supporto alle donne e bambini che scelgono di allontanarsi da contesti difficili, facilitando il loro reinserimento sociale. I \u201cMicroprogetti in Italia\u201d mirano a contrastare la povert\u00e0 alimentare e educativa tra i minori. Guardando, invece, alla dimensione internazionale, i Corridoi umanitari, universitari e lavorativi per migranti e rifugiati intendono garantire accesso al lavoro e all\u2019istruzione, mentre il programma di Microprogetti di sviluppo nei Paesi pi\u00f9 vulnerabili rappresenta un segno tangibile di speranza e fiducia. Attraverso queste iniziative, intendiamo essere strumento di animazione per le nostre comunit\u00e0.<\/p>\n<p><strong>Ci saranno pellegrinaggi a Roma, passaggio della Porta Santa, eventi particolari vissuti insieme da tutta la rete Caritas nel mondo?<\/strong><\/p>\n<p>La nostra attenzione sar\u00e0 rivolta alle molteplici tappe dell\u2019intero \u201cpellegrinaggio\u201d giubilare. In particolare <span style=\"font-size: inherit;\">nei giorni 8 e 9 marzo vivremo, insieme alle Caritas in Italia, il Giubileo del mondo del volontariato.<\/span><\/p>\n<p>Sar\u00e0 per noi un\u2019occasione preziosa per esprimere gratitudine a tutti coloro che, con generosit\u00e0 e dedizione, si impegnano nel servizio agli altri. Questo momento ci permetter\u00e0 di riconoscere il valore del volontariato come espressione concreta di carit\u00e0 e di riflettere su come il servizio possa diventare uno strumento di evangelizzazione e un motore per costruire comunit\u00e0 pi\u00f9 fraterne e solidali. A novembre, invece,<\/p>\n<p><strong>in occasione della Giornata mondiale dei poveri, inviteremo le comunit\u00e0 diocesane a partecipare al Giubileo dei poveri.<\/strong><\/p>\n<p>La Chiesa, da sempre, sceglie di camminare accanto ai poveri, e questa giornata sar\u00e0 un\u2019opportunit\u00e0 per ribadire l\u2019importanza della persona nella sua unicit\u00e0, accolta anzitutto all\u2019interno della comunit\u00e0 cristiana. Mettere la persona al centro significa, infatti, considerarla nella sua interezza: con la sua storia, le sue sofferenze e le sue aspirazioni di riscatto e di vita.<\/p>\n<p><em>(Agenzia SIR, 13.1.2025)<\/em><\/p>\n","protected":false},"excerpt":{"rendered":"<p>I momenti centrali per Caritas durante il Giubileo saranno il Giubileo del volontariato, l\u20198 e 9 marzo, e il Giubileo dei poveri, in occasione della Giornata mondiale dei poveri a novembre. Le diocesi saranno coinvolte in cinque progetti su microcredito, reinserimento di donne e bambini, lotta alla povert\u00e0 alimentare ed educativa, corridoi umanitari e microprogetti di sviluppo nei Paesi vulnerabili. Lo spiega don Marco Pagniello, &hellip; <a href=\"https:\/\/www.diocesidinuoro.it\/caritas\/cosa-significa-per-caritas-celebrare-il-giubileo\/\" class=\"more-link\">Continua a leggere <span class=\"screen-reader-text\"><\/span> <span class=\"meta-nav\">&raquo;<\/span><\/a><\/p>\n","protected":false},"author":0,"featured_media":556,"comment_status":"closed","ping_status":"closed","sticky":false,"template":"","format":"standard","meta":{"_acf_changed":false,"ip_address":"","user_agent":"","level":"","revision":"","cookie_id":"","page_referer":"","html_form":"","footnotes":""},"categories":[36],"tags":[],"acf":[],"_links":{"self":[{"href":"https:\/\/www.diocesidinuoro.it\/caritas\/wp-json\/wp\/v2\/posts\/555"}],"collection":[{"href":"https:\/\/www.diocesidinuoro.it\/caritas\/wp-json\/wp\/v2\/posts"}],"about":[{"href":"https:\/\/www.diocesidinuoro.it\/caritas\/wp-json\/wp\/v2\/types\/post"}],"author":[{"embeddable":true,"href":"https:\/\/www.diocesidinuoro.it\/caritas\/wp-json\/wp\/v2\/users\/7"}],"replies":[{"embeddable":true,"href":"https:\/\/www.diocesidinuoro.it\/caritas\/wp-json\/wp\/v2\/comments?post=555"}],"version-history":[{"count":3,"href":"https:\/\/www.diocesidinuoro.it\/caritas\/wp-json\/wp\/v2\/posts\/555\/revisions"}],"predecessor-version":[{"id":591,"href":"https:\/\/www.diocesidinuoro.it\/caritas\/wp-json\/wp\/v2\/posts\/555\/revisions\/591"}],"wp:featuredmedia":[{"embeddable":true,"href":"https:\/\/www.diocesidinuoro.it\/caritas\/wp-json\/wp\/v2\/media\/556"}],"wp:attachment":[{"href":"https:\/\/www.diocesidinuoro.it\/caritas\/wp-json\/wp\/v2\/media?parent=555"}],"wp:term":[{"taxonomy":"category","embeddable":true,"href":"https:\/\/www.diocesidinuoro.it\/caritas\/wp-json\/wp\/v2\/categories?post=555"},{"taxonomy":"post_tag","embeddable":true,"href":"https:\/\/www.diocesidinuoro.it\/caritas\/wp-json\/wp\/v2\/tags?post=555"}],"curies":[{"name":"wp","href":"https:\/\/api.w.org\/{rel}","templated":true}]}}