{"id":56,"date":"2020-09-20T22:00:00","date_gmt":"2020-09-20T20:00:00","guid":{"rendered":"https:\/\/www.diocesidinuoro.it\/caritas\/giornata-mondiale-del-migrante-e-del-rifugiato\/"},"modified":"2022-05-12T16:24:34","modified_gmt":"2022-05-12T14:24:34","slug":"giornata-mondiale-del-migrante-e-del-rifugiato","status":"publish","type":"post","link":"https:\/\/www.diocesidinuoro.it\/caritas\/giornata-mondiale-del-migrante-e-del-rifugiato\/","title":{"rendered":"Giornata mondiale del migrante e del rifugiato"},"content":{"rendered":"<p>&nbsp;<\/p>\n<p>Il prossimo 27 settembre la Chiesa celebra la Giornata Mondiale del Migrante e del Rifugiato. Dal 1914, attraverso le nostre comunit\u00e0 parrocchiali, \u00e8 data ai fedeli un\u2019occasione per dimostrare la preoccupazione per le diverse categorie di persone vulnerabili in movimento, per pregare per loro mentre affrontano molte sfide, e per aumentare la consapevolezza sulle opportunit\u00e0 offerte dalla migrazione.<\/p>\n<p>Il titolo scelto dal Santo Padre per il suo <a href=\"https:\/\/migrants-refugees.va\/wp-content\/uploads\/2020\/05\/IT.pdf\" target=\"_blank\" rel=\"noopener\">messaggio annuale<\/a> \u00e8\u00a0<strong>\u201cCome Ges\u00f9 Cristo, costretti a fuggire\u201d<\/strong>\u00a0e si concentrer\u00e0 sulla pastorale degli sfollati interni. Altri approfondimenti sono disponibili nel sito della\u00a0<a href=\"https:\/\/migrants-refugees.va\/it\/giornata-mondiale-del-migrante-e-del-rifugiato\/\" target=\"_blank\" rel=\"noopener\">Sezione Migranti &amp; Rifugiati<\/a>.<\/p>\n<p>La Caritas diocesana, per aiutarci a vivere il significato profondo dell&#8217;appuntamento annuale, propone un <strong>incontro di riflessione e confronto attraverso documentari e testimonianze che si terr\u00e0 sempre il 27 settembre, alle 18.00, nell&#8217;Auditorium della chiesa di Beata Maria Gabriella a Nuoro.<\/strong><\/p>\n<p style=\"text-align: center;\"><a href=\"http:\/\/nuoro.webdiocesi.it\/caritas\/wp-content\/uploads\/sites\/4\/2022\/05\/Schermata-2020-09-21-alle-20.08.18-e1600712167745.png\" data-rel=\"lightbox-image-0\" data-rl_title=\"\" data-rl_caption=\"\" title=\"\"><img loading=\"lazy\" decoding=\"async\" alt=\"Schermata 2020-09-21 alle 20.08.18\" src=\"http:\/\/nuoro.webdiocesi.it\/caritas\/wp-content\/uploads\/sites\/4\/2022\/05\/Schermata-2020-09-21-alle-20.08.18-e1600712167745.png\" width=\"750\" height=\"1010\" \/><\/a><\/p>\n<p>&nbsp;<\/p>\n<p>Questa, invece, \u00e8 la preghiera redatta dal Sommo Pontefice e che i parroci possono proporre durante le liturgie di domenica prossima:<\/p>\n<div title=\"Page 4\">\n<div>\n<div>\n<div>\n<p><em>Padre, Tu hai affidato a San Giuseppe ci\u00f2 che avevi di pi\u00f9 prezioso: il Bambino Ges\u00f9 e sua madre, per proteggerli dai pericoli e dalle minacce dei malvagi.<\/em><\/p>\n<p><em>Concedi anche a noi di sperimentare la sua protezione e il suo aiuto. Lui, che ha provato la sofferenza di chi fugge a causa dell\u2019odio dei potenti, fa\u2019 che possa confortare e proteggere tutti quei fratelli e quelle sorelle che, spinti dalle guerre, dalla povert\u00e0 e dalle necessit\u00e0, lasciano la loro casa e la loro terra per mettersi in cammino come profughi verso luoghi pi\u00f9 sicuri.<\/em><\/p>\n<p><em>Aiutali, per la sua intercessione, ad avere la forza di andare avanti, il conforto nella tristezza, il coraggio nella prova.<\/em><\/p>\n<p><em>Dona a chi li accoglie un po\u2019 della tenerezza di questo padre giusto e saggio, che ha amato Ges\u00f9 come un vero figlio e ha sorretto Maria lungo il cammino.<\/em><\/p>\n<p><em>Egli, che guadagnava il pane col lavoro delle sue mani, possa provvedere a coloro a cui la vita ha tolto tutto, e dare loro la dignit\u00e0 di un lavoro e la serenit\u00e0 di una casa.<\/em><\/p>\n<p><em>Te lo chiediamo per Ges\u00f9 Cristo, tuo Figlio, che San Giuseppe salv\u00f2 fuggendo in Egitto, e per intercessione della Vergine Maria, che egli am\u00f2 da sposo fedele secondo la tua volont\u00e0. Amen.<\/em><\/p>\n<\/div>\n<\/div>\n<\/div>\n<\/div>\n","protected":false},"excerpt":{"rendered":"<p>&nbsp; Il prossimo 27 settembre la Chiesa celebra la Giornata Mondiale del Migrante e del Rifugiato. Dal 1914, attraverso le nostre comunit\u00e0 parrocchiali, \u00e8 data ai fedeli un\u2019occasione per dimostrare la preoccupazione per le diverse categorie di persone vulnerabili in movimento, per pregare per loro mentre affrontano molte sfide, e per aumentare la consapevolezza sulle opportunit\u00e0 offerte dalla migrazione. Il titolo scelto dal Santo Padre &hellip; <a href=\"https:\/\/www.diocesidinuoro.it\/caritas\/giornata-mondiale-del-migrante-e-del-rifugiato\/\" class=\"more-link\">Continua a leggere <span class=\"screen-reader-text\"><\/span> <span class=\"meta-nav\">&raquo;<\/span><\/a><\/p>\n","protected":false},"author":0,"featured_media":58,"comment_status":"closed","ping_status":"open","sticky":false,"template":"","format":"standard","meta":{"_acf_changed":false,"ip_address":"","user_agent":"","level":"","revision":"","cookie_id":"","page_referer":"","html_form":"","footnotes":""},"categories":[3,2],"tags":[],"acf":[],"_links":{"self":[{"href":"https:\/\/www.diocesidinuoro.it\/caritas\/wp-json\/wp\/v2\/posts\/56"}],"collection":[{"href":"https:\/\/www.diocesidinuoro.it\/caritas\/wp-json\/wp\/v2\/posts"}],"about":[{"href":"https:\/\/www.diocesidinuoro.it\/caritas\/wp-json\/wp\/v2\/types\/post"}],"author":[{"embeddable":true,"href":"https:\/\/www.diocesidinuoro.it\/caritas\/wp-json\/wp\/v2\/users\/3"}],"replies":[{"embeddable":true,"href":"https:\/\/www.diocesidinuoro.it\/caritas\/wp-json\/wp\/v2\/comments?post=56"}],"version-history":[{"count":1,"href":"https:\/\/www.diocesidinuoro.it\/caritas\/wp-json\/wp\/v2\/posts\/56\/revisions"}],"predecessor-version":[{"id":133,"href":"https:\/\/www.diocesidinuoro.it\/caritas\/wp-json\/wp\/v2\/posts\/56\/revisions\/133"}],"wp:featuredmedia":[{"embeddable":true,"href":"https:\/\/www.diocesidinuoro.it\/caritas\/wp-json\/wp\/v2\/media\/58"}],"wp:attachment":[{"href":"https:\/\/www.diocesidinuoro.it\/caritas\/wp-json\/wp\/v2\/media?parent=56"}],"wp:term":[{"taxonomy":"category","embeddable":true,"href":"https:\/\/www.diocesidinuoro.it\/caritas\/wp-json\/wp\/v2\/categories?post=56"},{"taxonomy":"post_tag","embeddable":true,"href":"https:\/\/www.diocesidinuoro.it\/caritas\/wp-json\/wp\/v2\/tags?post=56"}],"curies":[{"name":"wp","href":"https:\/\/api.w.org\/{rel}","templated":true}]}}