{"id":618,"date":"2025-03-01T19:11:06","date_gmt":"2025-03-01T18:11:06","guid":{"rendered":"https:\/\/www.diocesidinuoro.it\/caritas\/?p=618"},"modified":"2025-03-17T09:25:57","modified_gmt":"2025-03-17T08:25:57","slug":"le-iniziative-per-la-quaresima-2025","status":"publish","type":"post","link":"https:\/\/www.diocesidinuoro.it\/caritas\/le-iniziative-per-la-quaresima-2025\/","title":{"rendered":"Le iniziative per la Quaresima 2025"},"content":{"rendered":"<p>Carissimi,<\/p>\n<p>il cammino dell\u2019imminente <b>Quaresima<\/b> ci offre ancora una volta una preziosa occasione per riflettere sul cuore della vita cristiana: la carit\u00e0. Siamo chiamati, infatti, a tornare al Vangelo e ad affidarci alla preghiera vivendo la carit\u00e0 come segno di speranza.<span class=\"Apple-converted-space\">\u00a0<\/span><\/p>\n<p>Per prepararci alla solennit\u00e0 della Risurrezione del Signore, insieme alle iniziative delle singole comunit\u00e0 parrocchiali di appartenenza, rinnoviamo l\u2019invito a partecipare alla <b><i>Lectio divina<\/i><\/b> guidata dal nostro Vescovo Antonello alle ore 18.00 del 9 marzo p.v. nella chiesa cattedrale di Nuoro. Tra gli altri appuntamenti diocesani, sentiamoci rappresentati e in comunione con i fedeli delle diocesi di Lanusei e Nuoro i quali, sempre con Mons. Mura, varcheranno la Porta Santa a Roma nel <b>pellegrinaggio<\/b> dal 15 al 20 marzo prossimi.<\/p>\n<p>Anche stavolta, il Servizio Caritas di Nuoro ripropone la <b><i>Cappella virtuale<\/i><\/b>, spazio creato online e reperibile nel sito web della Diocesi di Nuoro fino al giorno di Pasqua per affidare in anonimato le personali intenzioni di preghiera alle Monache Carmelitane e Benedettine presenti tra Nuoro e Dorgali. E dopo l\u2019esperienza dello scorso anno, pure in questo 2025 si celebrer\u00e0 settimanalmente la <b><i>Via Crucis<\/i><\/b> nelle strutture di accoglienza per gli anziani o nelle case degli ammalati del territorio e con i detenuti dell\u2019Istituto penitenziario di Badu \u2018e Carros a Nuoro.<\/p>\n<p>Si ricorda, infine, l\u2019importante progetto realizzato con i fondi Cei 8&#215;1000 dalla Diocesi in collaborazione tra il Servizio Caritas e l\u2019Ufficio per la pastorale della salute in risposta alle drammatiche situazioni della vita, nelle quali le difficolt\u00e0 paiono insormontabili e che, se vissuti in solitudine, potrebbero portare ad esiti tragici. Con <b><i>\u00abQuando non ne posso pi\u00f9 della vita! Cosa fare?\u00bb<\/i><\/b> prosegue l\u2019impegno per offrire ascolto e assistenza per portare speranza e si richiede la gentilezza di dare massima diffusione a tale opportunit\u00e0 a favore di quanti soffrono fisicamente e\/o psicologicamente, dai giovani in ricerca della propria realizzazione agli ammalati terminali. Alla presente si acclude una locandina, da affiggere o condividere anche attraverso i canali social, con i recapiti utili.<\/p>\n<p>Continuiamo a non distogliere lo sguardo dalle situazioni dolorose, con la volont\u00e0 di saper anche riconoscere tutti i segni che tracciano un cammino di speranza nel nostro mondo. Vi confermiamo che il Servizio della Caritas, la cui attivit\u00e0 \u00e8 costantemente incoraggiata dal Vescovo, \u00e8 a disposizione dei singoli e dei gruppi per ogni necessit\u00e0. Con tutto l\u2019affetto e la riconoscenza per la vostra testimonianza, preghiamo gli uni per gli altri e auguriamoci di vivere questo tempo prezioso ravvivando la fede in Ges\u00f9 Cristo, per amare ogni fratello e sorella che incontriamo nella nostra vita.<span class=\"Apple-converted-space\">\u00a0<\/span><\/p>\n<p><i>Suor Pierina, don Roberto e l\u2019equipe diocesana<\/i><\/p>\n<p>Nuoro, 1 marzo 2025<\/p>\n<p>&nbsp;<\/p>\n<p><img loading=\"lazy\" decoding=\"async\" class=\"alignnone wp-image-651 size-large\" src=\"https:\/\/www.diocesidinuoro.it\/caritas\/wp-content\/uploads\/sites\/4\/2025\/03\/PHOTO-2025-03-17-09-18-11-694x1024.jpg\" alt=\"\" width=\"694\" height=\"1024\" srcset=\"https:\/\/www.diocesidinuoro.it\/caritas\/wp-content\/uploads\/sites\/4\/2025\/03\/PHOTO-2025-03-17-09-18-11-694x1024.jpg 694w, https:\/\/www.diocesidinuoro.it\/caritas\/wp-content\/uploads\/sites\/4\/2025\/03\/PHOTO-2025-03-17-09-18-11-203x300.jpg 203w, https:\/\/www.diocesidinuoro.it\/caritas\/wp-content\/uploads\/sites\/4\/2025\/03\/PHOTO-2025-03-17-09-18-11-768x1134.jpg 768w, https:\/\/www.diocesidinuoro.it\/caritas\/wp-content\/uploads\/sites\/4\/2025\/03\/PHOTO-2025-03-17-09-18-11-1041x1536.jpg 1041w, https:\/\/www.diocesidinuoro.it\/caritas\/wp-content\/uploads\/sites\/4\/2025\/03\/PHOTO-2025-03-17-09-18-11-600x886.jpg 600w, https:\/\/www.diocesidinuoro.it\/caritas\/wp-content\/uploads\/sites\/4\/2025\/03\/PHOTO-2025-03-17-09-18-11-800x1181.jpg 800w, https:\/\/www.diocesidinuoro.it\/caritas\/wp-content\/uploads\/sites\/4\/2025\/03\/PHOTO-2025-03-17-09-18-11.jpg 1084w\" sizes=\"(max-width: 694px) 100vw, 694px\" \/><\/p>\n<p><img loading=\"lazy\" decoding=\"async\" class=\"alignnone wp-image-623 size-large\" src=\"https:\/\/www.diocesidinuoro.it\/caritas\/wp-content\/uploads\/sites\/4\/2025\/03\/Supporto-psicologico-724x1024.png\" alt=\"\" width=\"724\" height=\"1024\" srcset=\"https:\/\/www.diocesidinuoro.it\/caritas\/wp-content\/uploads\/sites\/4\/2025\/03\/Supporto-psicologico-724x1024.png 724w, https:\/\/www.diocesidinuoro.it\/caritas\/wp-content\/uploads\/sites\/4\/2025\/03\/Supporto-psicologico-212x300.png 212w, https:\/\/www.diocesidinuoro.it\/caritas\/wp-content\/uploads\/sites\/4\/2025\/03\/Supporto-psicologico-768x1085.png 768w, https:\/\/www.diocesidinuoro.it\/caritas\/wp-content\/uploads\/sites\/4\/2025\/03\/Supporto-psicologico-1087x1536.png 1087w, https:\/\/www.diocesidinuoro.it\/caritas\/wp-content\/uploads\/sites\/4\/2025\/03\/Supporto-psicologico-600x848.png 600w, https:\/\/www.diocesidinuoro.it\/caritas\/wp-content\/uploads\/sites\/4\/2025\/03\/Supporto-psicologico-1200x1696.png 1200w, https:\/\/www.diocesidinuoro.it\/caritas\/wp-content\/uploads\/sites\/4\/2025\/03\/Supporto-psicologico-800x1131.png 800w, https:\/\/www.diocesidinuoro.it\/caritas\/wp-content\/uploads\/sites\/4\/2025\/03\/Supporto-psicologico.png 1224w\" sizes=\"(max-width: 724px) 100vw, 724px\" \/><\/p>\n","protected":false},"excerpt":{"rendered":"<p>Carissimi, il cammino dell\u2019imminente Quaresima ci offre ancora una volta una preziosa occasione per riflettere sul cuore della vita cristiana: la carit\u00e0. Siamo chiamati, infatti, a tornare al Vangelo e ad affidarci alla preghiera vivendo la carit\u00e0 come segno di speranza.\u00a0 Per prepararci alla solennit\u00e0 della Risurrezione del Signore, insieme alle iniziative delle singole comunit\u00e0 parrocchiali di appartenenza, rinnoviamo l\u2019invito a partecipare alla Lectio divina &hellip; <a href=\"https:\/\/www.diocesidinuoro.it\/caritas\/le-iniziative-per-la-quaresima-2025\/\" class=\"more-link\">Continua a leggere <span class=\"screen-reader-text\"><\/span> <span class=\"meta-nav\">&raquo;<\/span><\/a><\/p>\n","protected":false},"author":0,"featured_media":619,"comment_status":"closed","ping_status":"closed","sticky":false,"template":"","format":"standard","meta":{"_acf_changed":false,"ip_address":"","user_agent":"","level":"","revision":"","cookie_id":"","page_referer":"","html_form":"","footnotes":""},"categories":[36,3,2],"tags":[],"acf":[],"_links":{"self":[{"href":"https:\/\/www.diocesidinuoro.it\/caritas\/wp-json\/wp\/v2\/posts\/618"}],"collection":[{"href":"https:\/\/www.diocesidinuoro.it\/caritas\/wp-json\/wp\/v2\/posts"}],"about":[{"href":"https:\/\/www.diocesidinuoro.it\/caritas\/wp-json\/wp\/v2\/types\/post"}],"author":[{"embeddable":true,"href":"https:\/\/www.diocesidinuoro.it\/caritas\/wp-json\/wp\/v2\/users\/7"}],"replies":[{"embeddable":true,"href":"https:\/\/www.diocesidinuoro.it\/caritas\/wp-json\/wp\/v2\/comments?post=618"}],"version-history":[{"count":5,"href":"https:\/\/www.diocesidinuoro.it\/caritas\/wp-json\/wp\/v2\/posts\/618\/revisions"}],"predecessor-version":[{"id":653,"href":"https:\/\/www.diocesidinuoro.it\/caritas\/wp-json\/wp\/v2\/posts\/618\/revisions\/653"}],"wp:featuredmedia":[{"embeddable":true,"href":"https:\/\/www.diocesidinuoro.it\/caritas\/wp-json\/wp\/v2\/media\/619"}],"wp:attachment":[{"href":"https:\/\/www.diocesidinuoro.it\/caritas\/wp-json\/wp\/v2\/media?parent=618"}],"wp:term":[{"taxonomy":"category","embeddable":true,"href":"https:\/\/www.diocesidinuoro.it\/caritas\/wp-json\/wp\/v2\/categories?post=618"},{"taxonomy":"post_tag","embeddable":true,"href":"https:\/\/www.diocesidinuoro.it\/caritas\/wp-json\/wp\/v2\/tags?post=618"}],"curies":[{"name":"wp","href":"https:\/\/api.w.org\/{rel}","templated":true}]}}