{"id":62,"date":"2020-10-10T22:00:00","date_gmt":"2020-10-10T20:00:00","guid":{"rendered":"https:\/\/www.diocesidinuoro.it\/caritas\/corso-base-di-animazione-alla-carita-macomer\/"},"modified":"2022-05-12T16:24:33","modified_gmt":"2022-05-12T14:24:33","slug":"corso-base-di-animazione-alla-carita-macomer","status":"publish","type":"post","link":"https:\/\/www.diocesidinuoro.it\/caritas\/corso-base-di-animazione-alla-carita-macomer\/","title":{"rendered":"Corso base di animazione alla Carit\u00e0 a Macomer"},"content":{"rendered":"<div>Sabato <strong>31 ottobre<\/strong>, si terr\u00e0 presso i locali dei salesiani in via Toscana a a Macomer, dalle 9.30 alle 17.00, il <strong>corso base per nuovi volontari da impegnare nelle attivit\u00e0 di animazione alla Carit\u00e0<\/strong>, per il servizio diretto ai poveri e per attivit\u00e0 di <em>ospoweb<\/em> e <em>osporisorse <\/em>nel Nord Sardegna. L&#8217;obiettivo sar\u00e0 quello di fornire un momento di discernimento per un impegno di volontariato consapevole, in sinergia con le logiche e lo stile di lavoro ecclesiale, commisurato con la realt\u00e0 del \u00abservizi segno\u00bb e l&#8217;animazione offerti dalle Caritas diocesane<\/div>\n<div><\/div>\n<div>PROGRAMMA del corso sui temi <em>identit\u00e0<\/em>, <em>ascolto<\/em> e <em>metodo<\/em> Caritas. :<\/div>\n<div>9.30 accoglienza preghiera iniziale;<\/div>\n<div>10.00: attivit\u00e0 in gruppi e in plenaria sul tema <em>Natura, elementi indennitari e organizzativi della Caritas<\/em>;<\/div>\n<div>13.00: pranzo (quota di 20 \u20ac a persona da consegnare il giorno stesso);<\/div>\n<div>14.30:\u00a0attivit\u00e0 in gruppi e in plenaria;<\/div>\n<div>16.30: verifica, conclusioni e preghiera finale.<\/div>\n<div><\/div>\n<div><em>Valgono sempre le misure per il contrasto e il contenimento del contagio da Codi19<\/em><\/div>\n<div><\/div>\n<div>Le adesioni vanno comunicate, in accordo con i propri parroci, entro il 23 ottobre chiamando suor Pierina o don Roberto. Con l&#8217;augurio che si possano individuare numerosi volontari, consapevoli dell&#8217;importanza della formazione per coloro che si dedicano a vario titolo al servizio dei poveri, l&#8217;Ufficio Caritas attende un sollecito riscontro.<\/div>\n","protected":false},"excerpt":{"rendered":"<p>Sabato 31 ottobre, si terr\u00e0 presso i locali dei salesiani in via Toscana a a Macomer, dalle 9.30 alle 17.00, il corso base per nuovi volontari da impegnare nelle attivit\u00e0 di animazione alla Carit\u00e0, per il servizio diretto ai poveri e per attivit\u00e0 di ospoweb e osporisorse nel Nord Sardegna. L&#8217;obiettivo sar\u00e0 quello di fornire un momento di discernimento per un impegno di volontariato consapevole, &hellip; <a href=\"https:\/\/www.diocesidinuoro.it\/caritas\/corso-base-di-animazione-alla-carita-macomer\/\" class=\"more-link\">Continua a leggere <span class=\"screen-reader-text\"><\/span> <span class=\"meta-nav\">&raquo;<\/span><\/a><\/p>\n","protected":false},"author":0,"featured_media":63,"comment_status":"closed","ping_status":"open","sticky":false,"template":"","format":"standard","meta":{"_acf_changed":false,"ip_address":"","user_agent":"","level":"","revision":"","cookie_id":"","page_referer":"","html_form":"","footnotes":""},"categories":[3,2],"tags":[],"acf":[],"_links":{"self":[{"href":"https:\/\/www.diocesidinuoro.it\/caritas\/wp-json\/wp\/v2\/posts\/62"}],"collection":[{"href":"https:\/\/www.diocesidinuoro.it\/caritas\/wp-json\/wp\/v2\/posts"}],"about":[{"href":"https:\/\/www.diocesidinuoro.it\/caritas\/wp-json\/wp\/v2\/types\/post"}],"author":[{"embeddable":true,"href":"https:\/\/www.diocesidinuoro.it\/caritas\/wp-json\/wp\/v2\/users\/3"}],"replies":[{"embeddable":true,"href":"https:\/\/www.diocesidinuoro.it\/caritas\/wp-json\/wp\/v2\/comments?post=62"}],"version-history":[{"count":1,"href":"https:\/\/www.diocesidinuoro.it\/caritas\/wp-json\/wp\/v2\/posts\/62\/revisions"}],"predecessor-version":[{"id":131,"href":"https:\/\/www.diocesidinuoro.it\/caritas\/wp-json\/wp\/v2\/posts\/62\/revisions\/131"}],"wp:featuredmedia":[{"embeddable":true,"href":"https:\/\/www.diocesidinuoro.it\/caritas\/wp-json\/wp\/v2\/media\/63"}],"wp:attachment":[{"href":"https:\/\/www.diocesidinuoro.it\/caritas\/wp-json\/wp\/v2\/media?parent=62"}],"wp:term":[{"taxonomy":"category","embeddable":true,"href":"https:\/\/www.diocesidinuoro.it\/caritas\/wp-json\/wp\/v2\/categories?post=62"},{"taxonomy":"post_tag","embeddable":true,"href":"https:\/\/www.diocesidinuoro.it\/caritas\/wp-json\/wp\/v2\/tags?post=62"}],"curies":[{"name":"wp","href":"https:\/\/api.w.org\/{rel}","templated":true}]}}