{"id":66,"date":"2020-10-12T22:00:00","date_gmt":"2020-10-12T20:00:00","guid":{"rendered":"https:\/\/www.diocesidinuoro.it\/caritas\/xiv-giornata-europea-contro-la-tratta-di-esseri-umani\/"},"modified":"2022-05-12T16:24:33","modified_gmt":"2022-05-12T14:24:33","slug":"xiv-giornata-europea-contro-la-tratta-di-esseri-umani","status":"publish","type":"post","link":"https:\/\/www.diocesidinuoro.it\/caritas\/xiv-giornata-europea-contro-la-tratta-di-esseri-umani\/","title":{"rendered":"XIV Giornata Europea contro la Tratta di Esseri Umani"},"content":{"rendered":"<p>La Caritas diocesana, in collaborazione con la\u00a0Congregazione Figlie della Carit\u00e0 di San Vincenzo De\u2019 Paoli \u2013 Provincia di Sardegna, in occasione della<strong> XIV Giornata Europea contro la Tratta di Esseri Umani<\/strong> che si celebra il 18 ottobre, comunica gli eventi per il <strong><em>Progetto Elen Joy<\/em><\/strong>:<\/p>\n<p>&#8211; Affissione del banner contro la tratta di esseri umani nelle citt\u00e0 di: Cagliari, Sassari, Nuoro, Oristano, Olbia, Quartu S.Elena, Iglesias e Assessorato del Lavoro Regione Autonoma della Sardegna.<\/p>\n<p>&#8211; \u00a0Nella giornata di venerd\u00ec 16 ottobre, nella citt\u00e0 metropolitana di Cagliari, diffusione di materiale divulgativo\/informativo sul tema -della tratta di esseri umani ad opera dei volontari del Servizio Civile.<\/p>\n<p>&#8211; \u00a0Nella settimana tra il 12 e il 18 ottobre, Tavolo di confronto presso Assessorato del Lavoro Regione Autonoma della Sardegna.<\/p>\n<p>&#8211; Incontro on line previsto per venerd\u00ec 16 h 9.30 sul tema della tratta dal titolo &#8221; La voce di chi non ha voce&#8221;<\/p>\n<p>&#8211;\u00a0Link aperto rivolto alle scuole di ordine superiore della Regione Sardegna. <a href=\"https:\/\/us02web.zoom.us\/j\/82351845539?pwd=enoxZUFsSUJzMmNJc2p6VWNnMDQxQT09,\">https:\/\/us02web.zoom.us\/j\/82351845539?pwd=enoxZUFsSUJzMmNJc2p6VWNnMDQxQT09,\u00a0<\/a><\/p>\n<p>&#8211; Diffusione della brochure fumetto realizzata, dal Progetto Elen Joy nell\u2019ambito del Bando 3, attraverso un laboratorio presso un istituto superiore di Cagliari con la collaborazione della Accademia d\u2019Arte di Cagliari. Le brochure ed i volumi integrali (con dei -contenuti extra) saranno scaricabili per alcuni giorni sul sito della Congregazione Figlie della Carit\u00e0 e sul sito della Regione Sardegna.<\/p>\n<p>Programma <b>Di che si tratta <\/b>in anteprima su <b>Radio Kalaritana (circuito IN BLU della Conferenza Episcopale Italiana \u2013 Canale Italiano) <\/b>mercoled\u00ec 14 ottobre ore 18.50 e in replica gioved\u00ec 15 ore 13.20 e venerd\u00ec 16 alle 10.03, successivamente su <b>Radio Vaticana <\/b>il giorno gioved\u00ec 15 dalle 11.35 alle 11.55.<\/p>\n<p>&#8211; Programmazione settimanale di alcuni post nella pagina fb dedicata al Progetto, interviste per radio, tv e giornali locali.<\/p>\n<p>&nbsp;<\/p>\n<p>In allegato, le circolari con i comunicati stampa.<\/p>\n<p>&nbsp;<\/p>\n<p>&nbsp;<\/p>\n<p>&nbsp;<\/p>\n<hr class=\"wpba_attachment_hr\"><div id='wpba_attachment_list' class='wpba wpba-wrap'>\n<ul class='wpba-attachment-list unstyled'><li id='wpba_attachment_list_68' class='wpba-list-item pull-left'><img src='https:\/\/www.diocesidinuoro.it\/caritas\/wp-content\/themes\/wp-starter-so\/icons\/document.png' width='16' height='20' class='wpba-icon pull-left'><a href='https:\/\/www.diocesidinuoro.it\/caritas\/wp-content\/uploads\/sites\/4\/2022\/05\/Comunicato-stampa.pdf' title='Comunicato-stampa' class='wpba-link pull-left' target=\"_blank\">Comunicato-stampa<\/a><\/li>\n<li id='wpba_attachment_list_69' class='wpba-list-item pull-left'><img src='https:\/\/www.diocesidinuoro.it\/caritas\/wp-content\/themes\/wp-starter-so\/icons\/document.png' width='16' height='20' class='wpba-icon pull-left'><a href='https:\/\/www.diocesidinuoro.it\/caritas\/wp-content\/uploads\/sites\/4\/2022\/05\/Eventi-XIV-Giornata-Europea-contro-la-tratta.pdf' title='Eventi-XIV-Giornata-Europea-contro-la-tratta' class='wpba-link pull-left' target=\"_blank\">Eventi-XIV-Giornata-Europea-contro-la-tratta<\/a><\/li>\n<\/ul><\/div>\n","protected":false},"excerpt":{"rendered":"<p>La Caritas diocesana, in collaborazione con la\u00a0Congregazione Figlie della Carit\u00e0 di San Vincenzo De\u2019 Paoli \u2013 Provincia di Sardegna, in occasione della XIV Giornata Europea contro la Tratta di Esseri Umani che si celebra il 18 ottobre, comunica gli eventi per il Progetto Elen Joy: &#8211; Affissione del banner contro la tratta di esseri umani nelle citt\u00e0 di: Cagliari, Sassari, Nuoro, Oristano, Olbia, Quartu S.Elena, &hellip; <a href=\"https:\/\/www.diocesidinuoro.it\/caritas\/xiv-giornata-europea-contro-la-tratta-di-esseri-umani\/\" class=\"more-link\">Continua a leggere <span class=\"screen-reader-text\"><\/span> <span class=\"meta-nav\">&raquo;<\/span><\/a><\/p>\n","protected":false},"author":0,"featured_media":67,"comment_status":"closed","ping_status":"open","sticky":false,"template":"","format":"standard","meta":{"_acf_changed":false,"ip_address":"","user_agent":"","level":"","revision":"","cookie_id":"","page_referer":"","html_form":"","footnotes":""},"categories":[3,2],"tags":[],"acf":[],"_links":{"self":[{"href":"https:\/\/www.diocesidinuoro.it\/caritas\/wp-json\/wp\/v2\/posts\/66"}],"collection":[{"href":"https:\/\/www.diocesidinuoro.it\/caritas\/wp-json\/wp\/v2\/posts"}],"about":[{"href":"https:\/\/www.diocesidinuoro.it\/caritas\/wp-json\/wp\/v2\/types\/post"}],"author":[{"embeddable":true,"href":"https:\/\/www.diocesidinuoro.it\/caritas\/wp-json\/wp\/v2\/users\/3"}],"replies":[{"embeddable":true,"href":"https:\/\/www.diocesidinuoro.it\/caritas\/wp-json\/wp\/v2\/comments?post=66"}],"version-history":[{"count":1,"href":"https:\/\/www.diocesidinuoro.it\/caritas\/wp-json\/wp\/v2\/posts\/66\/revisions"}],"predecessor-version":[{"id":129,"href":"https:\/\/www.diocesidinuoro.it\/caritas\/wp-json\/wp\/v2\/posts\/66\/revisions\/129"}],"wp:featuredmedia":[{"embeddable":true,"href":"https:\/\/www.diocesidinuoro.it\/caritas\/wp-json\/wp\/v2\/media\/67"}],"wp:attachment":[{"href":"https:\/\/www.diocesidinuoro.it\/caritas\/wp-json\/wp\/v2\/media?parent=66"}],"wp:term":[{"taxonomy":"category","embeddable":true,"href":"https:\/\/www.diocesidinuoro.it\/caritas\/wp-json\/wp\/v2\/categories?post=66"},{"taxonomy":"post_tag","embeddable":true,"href":"https:\/\/www.diocesidinuoro.it\/caritas\/wp-json\/wp\/v2\/tags?post=66"}],"curies":[{"name":"wp","href":"https:\/\/api.w.org\/{rel}","templated":true}]}}