{"id":70,"date":"2020-11-02T23:00:00","date_gmt":"2020-11-02T22:00:00","guid":{"rendered":"https:\/\/www.diocesidinuoro.it\/caritas\/corso-base-per-volontari-caritas\/"},"modified":"2022-05-12T16:24:33","modified_gmt":"2022-05-12T14:24:33","slug":"corso-base-per-volontari-caritas","status":"publish","type":"post","link":"https:\/\/www.diocesidinuoro.it\/caritas\/corso-base-per-volontari-caritas\/","title":{"rendered":"Corso base per i volontari Caritas"},"content":{"rendered":"<p>Sabato 31 ottobre, si \u00e8 svolto a Nuoro, nei locali della parrocchia Beata Maria Gabriella, il <em>Corso base per i nuovi volontari Caritas<\/em>, con\u00a0l\u2019obiettivo di fornire un momento di discernimento per\u00a0\u00a0un volontariato consapevole, in sinergia con le logiche e lo stile di lavoro ecclesiale, in base alla realt\u00e0 offerta dalle Caritas diocesane della Regione.<\/p>\n<p>Alla luce degli aspetti essenziali del servizio nella Caritas radicati nel Vangelo, si \u00e8 parlato dell&#8217;unicit\u00e0 della persona che porta in s\u00e9 una storia sacra, sottolineando il primato della relazione e diventare professionisti d\u2019ascolto, senza mai trasmettere messaggio di giudizio.<\/p>\n<p>La Caritas, nata nel &#8217;71 dopo lo scioglimento del P.O.A., continua a promuovere la testimonianza della carit\u00e0 nella comunit\u00e0 ecclesiale italiana, con attitudine ai tempi.\u00a0\u00a0senza dimenticare che la virt\u00f9 dell&#8217;amore \u00e8 dono di Dio e dovere di ogni cristiano, non delegabile ad altri.<\/p>\n<p>Un prossimo appuntamento ci attende luned\u00ec 9 novembre, sempre nel salone della parrocchia Beata Maria Gabriella), per la presentazione del <em>Report sulla povert\u00e0 in Sardegna<\/em> da parte della Delegazione regionale Caritas.<\/p>\n<p>&nbsp;<\/p>\n","protected":false},"excerpt":{"rendered":"<p>Sabato 31 ottobre, si \u00e8 svolto a Nuoro, nei locali della parrocchia Beata Maria Gabriella, il Corso base per i nuovi volontari Caritas, con\u00a0l\u2019obiettivo di fornire un momento di discernimento per\u00a0\u00a0un volontariato consapevole, in sinergia con le logiche e lo stile di lavoro ecclesiale, in base alla realt\u00e0 offerta dalle Caritas diocesane della Regione. Alla luce degli aspetti essenziali del servizio nella Caritas radicati nel &hellip; <a href=\"https:\/\/www.diocesidinuoro.it\/caritas\/corso-base-per-volontari-caritas\/\" class=\"more-link\">Continua a leggere <span class=\"screen-reader-text\"><\/span> <span class=\"meta-nav\">&raquo;<\/span><\/a><\/p>\n","protected":false},"author":0,"featured_media":71,"comment_status":"closed","ping_status":"open","sticky":false,"template":"","format":"standard","meta":{"_acf_changed":false,"ip_address":"","user_agent":"","level":"","revision":"","cookie_id":"","page_referer":"","html_form":"","footnotes":""},"categories":[3,2],"tags":[],"acf":[],"_links":{"self":[{"href":"https:\/\/www.diocesidinuoro.it\/caritas\/wp-json\/wp\/v2\/posts\/70"}],"collection":[{"href":"https:\/\/www.diocesidinuoro.it\/caritas\/wp-json\/wp\/v2\/posts"}],"about":[{"href":"https:\/\/www.diocesidinuoro.it\/caritas\/wp-json\/wp\/v2\/types\/post"}],"author":[{"embeddable":true,"href":"https:\/\/www.diocesidinuoro.it\/caritas\/wp-json\/wp\/v2\/users\/3"}],"replies":[{"embeddable":true,"href":"https:\/\/www.diocesidinuoro.it\/caritas\/wp-json\/wp\/v2\/comments?post=70"}],"version-history":[{"count":1,"href":"https:\/\/www.diocesidinuoro.it\/caritas\/wp-json\/wp\/v2\/posts\/70\/revisions"}],"predecessor-version":[{"id":128,"href":"https:\/\/www.diocesidinuoro.it\/caritas\/wp-json\/wp\/v2\/posts\/70\/revisions\/128"}],"wp:featuredmedia":[{"embeddable":true,"href":"https:\/\/www.diocesidinuoro.it\/caritas\/wp-json\/wp\/v2\/media\/71"}],"wp:attachment":[{"href":"https:\/\/www.diocesidinuoro.it\/caritas\/wp-json\/wp\/v2\/media?parent=70"}],"wp:term":[{"taxonomy":"category","embeddable":true,"href":"https:\/\/www.diocesidinuoro.it\/caritas\/wp-json\/wp\/v2\/categories?post=70"},{"taxonomy":"post_tag","embeddable":true,"href":"https:\/\/www.diocesidinuoro.it\/caritas\/wp-json\/wp\/v2\/tags?post=70"}],"curies":[{"name":"wp","href":"https:\/\/api.w.org\/{rel}","templated":true}]}}