{"id":76,"date":"2020-11-24T23:00:00","date_gmt":"2020-11-24T22:00:00","guid":{"rendered":"https:\/\/www.diocesidinuoro.it\/caritas\/cappellavirtualedinatale\/"},"modified":"2022-05-12T16:24:33","modified_gmt":"2022-05-12T14:24:33","slug":"cappellavirtualedinatale","status":"publish","type":"post","link":"https:\/\/www.diocesidinuoro.it\/caritas\/cappellavirtualedinatale\/","title":{"rendered":"Cappella virtuale verso il Natale"},"content":{"rendered":"<p>Dopo l&#8217;esperienza vissuta durante la Quaresima del 2020, anche in preparazione al Natale la Caritas diocesana ripropone la possibilit\u00e0 di <strong>affidare le proprie intenzioni<\/strong>\u00a0e condividerle in forma <strong>assolutamente anonima.<\/strong><\/p>\n<p>Grazie alla disponibilit\u00e0 delle monache carmelitane di Nuoro e delle monache benedettine di Dorgali, chi vuole pu\u00f2 fare una richiesta particolare affinch\u00e9 le suppliche personali siano presentate a Dio: una grazia di cui si ha fortemente bisogno, una richiesta di aiuto per s\u00e9 o per altri, un sostegno necessario di fronte a situazioni di vita familiari o lavorative&#8230;<\/p>\n<p>Dai due monasteri sar\u00e0 garantita la solidariet\u00e0 spirituale per chi ha bisogno. Tutte le richieste saranno quotidianamente notificate alle nostre consacrate, le quali non dimenticheranno di offrirle con fede e speranza.<\/p>\n<p>Questa forma di &#8220;cappella virtuale&#8221; non \u00e8 un semplice delegare altri, ma trovare un sicuro supporto sapendo che la preghiera condivisa \u00e8 gradita al Signore, certi che l&#8217;attenzione silenziosa delle monache presenti in diocesi \u00e8 un impegno silenzioso cha da sempre si rinnova giorno dopo giorno.<\/p>\n<p>Basta indicare il proprio nome di battesimo e il motivo per cui richiedi la preghiera, compilando lo spazio qui predisposto:<\/p>\n<p>Scrivi la tua richiesta di preghiera o una breve testimonianza direttamente nel modulo di contatto in basso o invia una mail all&#8217;indirizzo\u00a0<strong>esseredono@gmail.com<\/strong>,\u00a0sar\u00e0 garantito l&#8217;anonimato. Non rimarr\u00e0 traccia del messaggio su questo sito una volta inviato il testo.<\/p>\n<p>[contact-form-7 id=&#8221;5580&#8243; title=&#8221;Invia la tua richiesta&#8221;]<\/p>\n<p>In alternativa e sufficiente inviare una mail all&#8217;indirizzo\u00a0<strong>esseredono@gmail.com<\/strong>, oppure scrivere su <strong>Whatsapp<\/strong>\u00a0al numero\u00a03382592595.<\/p>\n<p>&nbsp;<\/p>\n","protected":false},"excerpt":{"rendered":"<p>Dopo l&#8217;esperienza vissuta durante la Quaresima del 2020, anche in preparazione al Natale la Caritas diocesana ripropone la possibilit\u00e0 di affidare le proprie intenzioni\u00a0e condividerle in forma assolutamente anonima. Grazie alla disponibilit\u00e0 delle monache carmelitane di Nuoro e delle monache benedettine di Dorgali, chi vuole pu\u00f2 fare una richiesta particolare affinch\u00e9 le suppliche personali siano presentate a Dio: una grazia di cui si ha fortemente &hellip; <a href=\"https:\/\/www.diocesidinuoro.it\/caritas\/cappellavirtualedinatale\/\" class=\"more-link\">Continua a leggere <span class=\"screen-reader-text\"><\/span> <span class=\"meta-nav\">&raquo;<\/span><\/a><\/p>\n","protected":false},"author":0,"featured_media":77,"comment_status":"closed","ping_status":"open","sticky":false,"template":"","format":"standard","meta":{"_acf_changed":false,"ip_address":"","user_agent":"","level":"","revision":"","cookie_id":"","page_referer":"","html_form":"","footnotes":""},"categories":[3,2],"tags":[39,40],"acf":[],"_links":{"self":[{"href":"https:\/\/www.diocesidinuoro.it\/caritas\/wp-json\/wp\/v2\/posts\/76"}],"collection":[{"href":"https:\/\/www.diocesidinuoro.it\/caritas\/wp-json\/wp\/v2\/posts"}],"about":[{"href":"https:\/\/www.diocesidinuoro.it\/caritas\/wp-json\/wp\/v2\/types\/post"}],"author":[{"embeddable":true,"href":"https:\/\/www.diocesidinuoro.it\/caritas\/wp-json\/wp\/v2\/users\/3"}],"replies":[{"embeddable":true,"href":"https:\/\/www.diocesidinuoro.it\/caritas\/wp-json\/wp\/v2\/comments?post=76"}],"version-history":[{"count":1,"href":"https:\/\/www.diocesidinuoro.it\/caritas\/wp-json\/wp\/v2\/posts\/76\/revisions"}],"predecessor-version":[{"id":125,"href":"https:\/\/www.diocesidinuoro.it\/caritas\/wp-json\/wp\/v2\/posts\/76\/revisions\/125"}],"wp:featuredmedia":[{"embeddable":true,"href":"https:\/\/www.diocesidinuoro.it\/caritas\/wp-json\/wp\/v2\/media\/77"}],"wp:attachment":[{"href":"https:\/\/www.diocesidinuoro.it\/caritas\/wp-json\/wp\/v2\/media?parent=76"}],"wp:term":[{"taxonomy":"category","embeddable":true,"href":"https:\/\/www.diocesidinuoro.it\/caritas\/wp-json\/wp\/v2\/categories?post=76"},{"taxonomy":"post_tag","embeddable":true,"href":"https:\/\/www.diocesidinuoro.it\/caritas\/wp-json\/wp\/v2\/tags?post=76"}],"curies":[{"name":"wp","href":"https:\/\/api.w.org\/{rel}","templated":true}]}}