{"id":82,"date":"2021-01-28T23:00:00","date_gmt":"2021-01-28T22:00:00","guid":{"rendered":"https:\/\/www.diocesidinuoro.it\/caritas\/giornata-mondiale-contro-il-traffico-di-esseri-umani\/"},"modified":"2022-05-12T16:24:33","modified_gmt":"2022-05-12T14:24:33","slug":"giornata-mondiale-contro-il-traffico-di-esseri-umani","status":"publish","type":"post","link":"https:\/\/www.diocesidinuoro.it\/caritas\/giornata-mondiale-contro-il-traffico-di-esseri-umani\/","title":{"rendered":"Giornata Mondiale contro il traffico di esseri umani"},"content":{"rendered":"<p>Tre le iniziative di sensibilizzazione rispetto al fenomeno delle vittime della tratta, un triste segno\u00a0sempre pi\u00f9 complesso e diversificato presente anche sul territorio della Regione Sardegna.\u00a0\u00a0Saranno realizzate\u00a0<b>il prossimo 8 febbraio<\/b>\u00a0in occasione della Giornata Mondiale di Riflessione e Preghiera contro il traffico di esseri umani che non risparmia, purtroppo, anche la nostra isola.<\/p>\n<p>Alle 19.00 verr\u00e0 trasmesso\u00a0<b>in\u00a0diretta streaming\u00a0un incontro di riflessione e di preghiera sul tema della tratta di esseri umani<\/b>. Sar\u00e0 un appuntamento a pi\u00f9 voci con la testimonianza di quanti operano \u2013 all\u2019interno del\u00a0<i>Progetto Elen Joy (<\/i>realizzato in Sardegna, dal 2003, dalla Congregazione delle Figlie della Carit\u00e0 in accordo con la Regione Sardegna su mandato del Dipartimento per le Pari Opportunit\u00e0) &#8211; a stretto contatto con le vittime. Verranno trasmessi inoltre contenuti audio e video di alcune donne accolte all\u2019interno del programma di protezione.<\/p>\n<p><b><i>\u201cUna luce contro la tratta\u201d<\/i><\/b>\u00a0\u00e8 la seconda iniziativa: ceri da accendere e porre sul davanzale della propria casa in segno di lotta contro la tratta delle persone. Potranno aderire: famiglie, giovani e adulti ma anche i bambini, sensibilizzati dai loro genitori, insegnanti ed educatori.<\/p>\n<p>L\u2019ultima iniziativa \u00e8 un\u00a0<b>contest fotografico<\/b>: caricare sulla pagina facebook di\u00a0<i>Elen Joy<\/i>\u00a0foto suggestive che ritraggano una luce accompagnata da un pensiero volto alle vittime della tratta che sia un inno di accoglienza, di speranza, di incontro e di libert\u00e0. La foto che ricever\u00e0 maggiori consensi ricever\u00e0 un dono prodotto dal laboratorio \u201cA mano libera\u201d, altra opera realizzata all\u2019interno del progetto Elen Joy.<\/p>\n<div>\n<p>L\u2019incontro di riflessione e di preghiera sul tema della tratta di esseri umani verr\u00e0 trasmesso <strong><em>dalle ore 18,50 di luned\u00ec 8 febbraio<\/em><\/strong> all\u2019indirizzo:<\/p>\n<p>sul canale YouTube:\u00a0<a href=\"http:\/\/www.youtube.com\/c\/fdcsardegna\">www.youtube.com\/c\/fdcsardegna<\/a><\/p>\n<p>oppure sulla pagina Facebook:\u00a0<a href=\"http:\/\/www.facebook.com\/elenjoy.sardegna\">www.facebook.com\/elenjoy.sardegna<\/a><\/p>\n<p>per info: 3482852582 Francesca Pitzalis<\/p>\n<p><a href=\"http:\/\/nuoro.webdiocesi.it\/caritas\/wp-content\/uploads\/sites\/4\/2022\/05\/jhkj.png\" data-rel=\"lightbox-image-0\" data-rl_title=\"\" data-rl_caption=\"\" title=\"\"><img loading=\"lazy\" decoding=\"async\" class=\"aligncenter size-medium wp-image-7144\" alt=\"jhkj\" src=\"http:\/\/nuoro.webdiocesi.it\/caritas\/wp-content\/uploads\/sites\/4\/2022\/05\/jhkj.png\" width=\"211\" height=\"300\" \/><\/a><\/p>\n<p>&nbsp;<\/p>\n<p>&nbsp;<\/p>\n<p><strong>Vedi anche\u00a0<a href=\"https:\/\/www.diocesidinuoro.it\/wp-content\/uploads\/2021\/01\/Allegato-1.docx\">Allegato 1<\/a>\u00a0e\u00a0<a href=\"https:\/\/www.diocesidinuoro.it\/wp-content\/uploads\/2021\/01\/Allegato-2.docx\">Allegato 2<\/a><\/strong><\/p>\n<\/div>\n<hr class=\"wpba_attachment_hr\"><div id='wpba_attachment_list' class='wpba wpba-wrap'>\n<ul class='wpba-attachment-list unstyled'><li id='wpba_attachment_list_89' class='wpba-list-item pull-left'><img src='https:\/\/www.diocesidinuoro.it\/caritas\/wp-content\/themes\/wp-starter-so\/icons\/document.png' width='16' height='20' class='wpba-icon pull-left'><a href='https:\/\/www.diocesidinuoro.it\/caritas\/wp-content\/uploads\/sites\/4\/2022\/05\/Allegato-1.docx' title='Allegato-1' class='wpba-link pull-left' target=\"_blank\">Allegato-1<\/a><\/li>\n<li id='wpba_attachment_list_90' class='wpba-list-item pull-left'><img src='https:\/\/www.diocesidinuoro.it\/caritas\/wp-content\/themes\/wp-starter-so\/icons\/document.png' width='16' height='20' class='wpba-icon pull-left'><a href='https:\/\/www.diocesidinuoro.it\/caritas\/wp-content\/uploads\/sites\/4\/2022\/05\/Allegato-2.docx' title='Allegato-2' class='wpba-link pull-left' target=\"_blank\">Allegato-2<\/a><\/li>\n<\/ul><\/div>\n","protected":false},"excerpt":{"rendered":"<p>Tre le iniziative di sensibilizzazione rispetto al fenomeno delle vittime della tratta, un triste segno\u00a0sempre pi\u00f9 complesso e diversificato presente anche sul territorio della Regione Sardegna.\u00a0\u00a0Saranno realizzate\u00a0il prossimo 8 febbraio\u00a0in occasione della Giornata Mondiale di Riflessione e Preghiera contro il traffico di esseri umani che non risparmia, purtroppo, anche la nostra isola. Alle 19.00 verr\u00e0 trasmesso\u00a0in\u00a0diretta streaming\u00a0un incontro di riflessione e di preghiera sul tema &hellip; <a href=\"https:\/\/www.diocesidinuoro.it\/caritas\/giornata-mondiale-contro-il-traffico-di-esseri-umani\/\" class=\"more-link\">Continua a leggere <span class=\"screen-reader-text\"><\/span> <span class=\"meta-nav\">&raquo;<\/span><\/a><\/p>\n","protected":false},"author":0,"featured_media":84,"comment_status":"closed","ping_status":"open","sticky":false,"template":"","format":"standard","meta":{"_acf_changed":false,"ip_address":"","user_agent":"","level":"","revision":"","cookie_id":"","page_referer":"","html_form":"","footnotes":""},"categories":[36,37,3,2],"tags":[],"acf":[],"_links":{"self":[{"href":"https:\/\/www.diocesidinuoro.it\/caritas\/wp-json\/wp\/v2\/posts\/82"}],"collection":[{"href":"https:\/\/www.diocesidinuoro.it\/caritas\/wp-json\/wp\/v2\/posts"}],"about":[{"href":"https:\/\/www.diocesidinuoro.it\/caritas\/wp-json\/wp\/v2\/types\/post"}],"author":[{"embeddable":true,"href":"https:\/\/www.diocesidinuoro.it\/caritas\/wp-json\/wp\/v2\/users\/3"}],"replies":[{"embeddable":true,"href":"https:\/\/www.diocesidinuoro.it\/caritas\/wp-json\/wp\/v2\/comments?post=82"}],"version-history":[{"count":1,"href":"https:\/\/www.diocesidinuoro.it\/caritas\/wp-json\/wp\/v2\/posts\/82\/revisions"}],"predecessor-version":[{"id":122,"href":"https:\/\/www.diocesidinuoro.it\/caritas\/wp-json\/wp\/v2\/posts\/82\/revisions\/122"}],"wp:featuredmedia":[{"embeddable":true,"href":"https:\/\/www.diocesidinuoro.it\/caritas\/wp-json\/wp\/v2\/media\/84"}],"wp:attachment":[{"href":"https:\/\/www.diocesidinuoro.it\/caritas\/wp-json\/wp\/v2\/media?parent=82"}],"wp:term":[{"taxonomy":"category","embeddable":true,"href":"https:\/\/www.diocesidinuoro.it\/caritas\/wp-json\/wp\/v2\/categories?post=82"},{"taxonomy":"post_tag","embeddable":true,"href":"https:\/\/www.diocesidinuoro.it\/caritas\/wp-json\/wp\/v2\/tags?post=82"}],"curies":[{"name":"wp","href":"https:\/\/api.w.org\/{rel}","templated":true}]}}