{"id":916,"date":"2025-11-09T10:09:59","date_gmt":"2025-11-09T09:09:59","guid":{"rendered":"https:\/\/www.diocesidinuoro.it\/caritas\/?p=916"},"modified":"2025-11-09T10:11:00","modified_gmt":"2025-11-09T09:11:00","slug":"la-ix-giornata-mondiale-dei-poveri-2025","status":"publish","type":"post","link":"https:\/\/www.diocesidinuoro.it\/caritas\/la-ix-giornata-mondiale-dei-poveri-2025\/","title":{"rendered":"La IX Giornata Mondiale dei Poveri 2025"},"content":{"rendered":"<blockquote><p><strong>\u00abSei tu, mio Signore, la mia speranza\u00bb (Sal 71,5).<\/strong><\/p><\/blockquote>\n<p>\u00c8 il versetto che accompagna la IX Giornata Mondiale dei Poveri, nel cuore dell\u2019anno giubilare, come un invito a gettare di nuovo le ancore della nostra fede nelle profondit\u00e0 della vita reale, dove abitano le fragilit\u00e0 e germoglia la speranza.<\/p>\n<p>Il tema scelto da Papa Leone XIV richiama ciascuno a riconoscere che la povert\u00e0 non \u00e8 un incidente della storia, ma un luogo teologico, un incontro possibile con il volto di Dio che si fa compagno di strada dei pi\u00f9 piccoli. Ricorda il Papa nel suo messaggio:<\/p>\n<p><em>I poveri non sono un diversivo per la Chiesa, bens\u00ec i fratelli e le sorelle pi\u00f9 amati, perch\u00e9 ognuno di loro, con la sua esistenza e anche con le parole e la sapienza di cui \u00e8 portatore, provoca a toccare con mano la verit\u00e0 del Vangelo. Perci\u00f2 la Giornata Mondiale dei Poveri intende ricordare alle nostre comunit\u00e0 che i poveri sono al centro dell\u2019intera opera pastorale.<\/em><\/p>\n<p>Quest\u2019anno, la Giornata coincide con il Giubileo dei Poveri, e diventa per ogni comunit\u00e0 un tempo di grazia per \u201ccercare, conoscere, animare e promuovere i segni di speranza\u201d gi\u00e0 presenti nei nostri territori: luoghi e relazioni dove la carit\u00e0 si fa annuncio, educazione, giustizia e possibilit\u00e0 di vera trasformazione sociale.<\/p>\n<h5><strong>Per camminare insieme, ancorati alla speranza<\/strong><\/h5>\n<p>Caritas Italiana mette a disposizione un sussidio di animazione pastorale, una veglia di preghiera e la locandina ufficiale per accompagnare parrocchie, gruppi e comunit\u00e0 a vivere in modo unitario questo appuntamento.<br \/>\nIl materiale \u2013 pensato per l\u2019animazione liturgica e comunitaria \u2013 offre spunti di riflessione, meditazioni e proposte per \u201cancorarci al territorio\u201d, alle \u201cazioni di speranza\u201d, al \u201cmondo\u201d e alle \u201cstorie di speranza\u201d che ogni giorno incontriamo nei nostri cammini.<\/p>\n<p>L\u2019immagine scelta per il 2025 raffigura l\u2019altare della Chiesa di Santa Maria Maddalena ai Cristallini, nel cuore del Rione Sanit\u00e0 di Napoli: una barca di migranti trasformata in altare da alcuni detenuti del carcere di Secondigliano. Un segno potente che dice come la povert\u00e0 non sia un destino immutabile, ma un mare che si pu\u00f2 attraversare insieme, se la comunit\u00e0 diventa compagna di viaggio.<\/p>\n<p>Essere \u201cancorati alla speranza\u201d significa restare saldi nella fiducia, ma anche liberi di solcare nuovi mari, come rondini che si alzano verso l\u2019alto. \u00c8 lo stile di Caritas: radicato nella Parola, intrecciato alla vita, capace di generare processi di riscatto e di pace partendo dagli ultimi.<\/p>\n<p>&nbsp;<\/p>\n<p><strong>Materiali<\/strong><\/p>\n<ul>\n<li><strong><a href=\"https:\/\/www.caritas.it\/wp-content\/uploads\/sites\/2\/2025\/10\/GMP-sussidio.pdf\">Il Sussidio di Animazione \u201cAncorati alla speranza\u201d<\/a><\/strong><\/li>\n<li><strong><a href=\"https:\/\/www.caritas.it\/wp-content\/uploads\/sites\/2\/2025\/10\/Veglia-di-Preghiera.pdf\">Il Sussidio di preghiera predisposto dalla Caritas italiana<\/a><\/strong><\/li>\n<\/ul>\n<hr class=\"wpba_attachment_hr\"><div id='wpba_attachment_list' class='wpba wpba-wrap'>\n<ul class='wpba-attachment-list unstyled'><li id='wpba_attachment_list_917' class='wpba-list-item pull-left'><img src='https:\/\/www.diocesidinuoro.it\/caritas\/wp-content\/themes\/wp-starter-so\/icons\/document.png' width='16' height='20' class='wpba-icon pull-left'><a href='https:\/\/www.diocesidinuoro.it\/caritas\/wp-content\/uploads\/sites\/4\/2025\/11\/20250613-messaggio-giornata-poveri_it.pdf.pdf' title='20250613-messaggio-giornata-poveri_it.pdf' class='wpba-link pull-left' target=\"_blank\">20250613-messaggio-giornata-poveri_it.pdf<\/a><\/li>\n<\/ul><\/div>\n","protected":false},"excerpt":{"rendered":"<p>\u00abSei tu, mio Signore, la mia speranza\u00bb (Sal 71,5). \u00c8 il versetto che accompagna la IX Giornata Mondiale dei Poveri, nel cuore dell\u2019anno giubilare, come un invito a gettare di nuovo le ancore della nostra fede nelle profondit\u00e0 della vita reale, dove abitano le fragilit\u00e0 e germoglia la speranza. Il tema scelto da Papa Leone XIV richiama ciascuno a riconoscere che la povert\u00e0 non \u00e8 &hellip; <a href=\"https:\/\/www.diocesidinuoro.it\/caritas\/la-ix-giornata-mondiale-dei-poveri-2025\/\" class=\"more-link\">Continua a leggere <span class=\"screen-reader-text\"><\/span> <span class=\"meta-nav\">&raquo;<\/span><\/a><\/p>\n","protected":false},"author":0,"featured_media":918,"comment_status":"closed","ping_status":"closed","sticky":false,"template":"","format":"standard","meta":{"_acf_changed":false,"ip_address":"","user_agent":"","level":"","revision":"","cookie_id":"","page_referer":"","html_form":"","footnotes":""},"categories":[36,37],"tags":[],"acf":[],"_links":{"self":[{"href":"https:\/\/www.diocesidinuoro.it\/caritas\/wp-json\/wp\/v2\/posts\/916"}],"collection":[{"href":"https:\/\/www.diocesidinuoro.it\/caritas\/wp-json\/wp\/v2\/posts"}],"about":[{"href":"https:\/\/www.diocesidinuoro.it\/caritas\/wp-json\/wp\/v2\/types\/post"}],"author":[{"embeddable":true,"href":"https:\/\/www.diocesidinuoro.it\/caritas\/wp-json\/wp\/v2\/users\/7"}],"replies":[{"embeddable":true,"href":"https:\/\/www.diocesidinuoro.it\/caritas\/wp-json\/wp\/v2\/comments?post=916"}],"version-history":[{"count":1,"href":"https:\/\/www.diocesidinuoro.it\/caritas\/wp-json\/wp\/v2\/posts\/916\/revisions"}],"predecessor-version":[{"id":919,"href":"https:\/\/www.diocesidinuoro.it\/caritas\/wp-json\/wp\/v2\/posts\/916\/revisions\/919"}],"wp:featuredmedia":[{"embeddable":true,"href":"https:\/\/www.diocesidinuoro.it\/caritas\/wp-json\/wp\/v2\/media\/918"}],"wp:attachment":[{"href":"https:\/\/www.diocesidinuoro.it\/caritas\/wp-json\/wp\/v2\/media?parent=916"}],"wp:term":[{"taxonomy":"category","embeddable":true,"href":"https:\/\/www.diocesidinuoro.it\/caritas\/wp-json\/wp\/v2\/categories?post=916"},{"taxonomy":"post_tag","embeddable":true,"href":"https:\/\/www.diocesidinuoro.it\/caritas\/wp-json\/wp\/v2\/tags?post=916"}],"curies":[{"name":"wp","href":"https:\/\/api.w.org\/{rel}","templated":true}]}}