{"id":929,"date":"2025-11-08T19:19:18","date_gmt":"2025-11-08T18:19:18","guid":{"rendered":"https:\/\/www.diocesidinuoro.it\/caritas\/?p=929"},"modified":"2025-11-09T21:17:26","modified_gmt":"2025-11-09T20:17:26","slug":"che-cose-la-caritas","status":"publish","type":"post","link":"https:\/\/www.diocesidinuoro.it\/caritas\/che-cose-la-caritas\/","title":{"rendered":"Che cos&#8217;\u00e8 la Caritas"},"content":{"rendered":"<p><strong>CARITAS INTERNATIONALIS<\/strong><\/p>\n<p>Nata nel 1951, conta oggi 165 enti caritativi in tutto il mondo, tra cui 49 di Caritas Europa.<\/p>\n<p>Opera sia nei Paesi ricchi che in quelli meno abbienti, sia nel Nord che nel Sud del mondo, considerando lo sviluppo umano integrale come principio guida.<\/p>\n<p>Caritas crede nella solidariet\u00e0, nella giustizia sociale ed economica e nella pace e integra proattivamente questi principi nel suo lavoro.<\/p>\n<p><strong>CARITAS ITALIANA<\/strong><\/p>\n<p>Nata nel 1971, per volont\u00e0 di Papa Paolo VI, \u00e8 l\u2019organismo pastorale della Conferenza Episcopale Italiana che ha il compito di promuovere la testimonianza della carit\u00e0, cio\u00e8 l\u2019amore concreto per il prossimo.<\/p>\n<p>Svolge la sua funzione pedagogica, volta allo sviluppo integrale dell\u2019uomo, della giustizia sociale e della pace, con particolare attenzione alle persone e alle realt\u00e0 pi\u00f9 vulnerabili, camminando sulla via del Vangelo e ponendosi in dialogo con i poveri, gli ultimi, gli esclusi, portatori di diritti prima ancora che di bisogni, per costruire un mondo basato sulla giustizia e sull\u2019amore fraterno, in cui nessuno sia lasciato indietro.<\/p>\n<p>Fra i principali ambiti:<\/p>\n<ul>\n<li>promozione della carit\u00e0 attraverso azioni e opere concrete;<\/li>\n<li>organizzazione e coordinamento interventi di emergenza in Italia e all\u2019estero;<\/li>\n<li>realizzazione studi e ricerche sui bisogni per aiutare a scoprirne le cause;<\/li>\n<li>educazione alla pace, alla mondialit\u00e0, al dialogo, alla cultura dell\u2019accoglienza;<\/li>\n<li>promozione del volontariato e formazione di operatori pastorali della carit\u00e0.<\/li>\n<\/ul>\n<p><strong>CARITAS DIOCESANE<\/strong><\/p>\n<p>Sono 217 realt\u00e0 impegnate sul territorio nell\u2019animazione della comunit\u00e0 ecclesiale e civile.<\/p>\n<p>Esse a loro volta sono raccolte in Delegazioni regionali, sulla base dei territori delle Regioni ecclesiastiche.<\/p>\n<p><strong>CARITAS PARROCCHIALI<\/strong><\/p>\n<p>Organismi pastorali istituiti per animare la parrocchia, vivere la testimonianza della carit\u00e0 come esperienza comunitaria e sensibilizzare, informare, unire e accompagnare il territorio.<\/p>\n<p><strong>AREE DI LAVORO<\/strong><\/p>\n<p>PROMOZIONE CARITAS<\/p>\n<p>Presidia la realizzazione di quelle attivit\u00e0 che permettono di sviluppare il proprio mandato nella Chiesa e, in particolare:<\/p>\n<ul>\n<li>fanno emergere ed evolvere la motivazione a vivere testimoniando la carit\u00e0 proposta dal Vangelo<\/li>\n<li>permettono di conoscere e scoprire le situazioni di povert\u00e0, disagio e vulnerabilit\u00e0 sociale, nonch\u00e9 il sistema di risposte messo in atto per contrastarle<span class=\"Apple-converted-space\">\u00a0<\/span><\/li>\n<li>propongono l\u2019adesione a forme e modelli (di servizio, di Chiesa, etc ) o l\u2019utilizzo di strumenti (pastorali, organizzativi, gestionali, etc ) orientati a far vivere la carit\u00e0 come dimensione costitutiva dell\u2019esperienza umana<\/li>\n<li>orientano, in una prospettiva vocazionale, verso scelte di servizio, di formazione, di volontariato, di missione<\/li>\n<li>stimolano alla conversione di mentalit\u00e0 a livello personale, delle forme organizzative e degli stili di vita <span style=\"font-size: inherit;\">attraverso i Centri di Ascolto e gli Osservatori delle Povert\u00e0 e delle Risorse.<\/span><\/li>\n<\/ul>\n<p>PROMOZIONE UMANA<\/p>\n<p>Promuove per valorizzare, aumentare, sviluppare tutto ci\u00f2 che ci consente di restare e diventare pi\u00f9 umani, mettendo le persone in condizione di essere pienamente se stesse e prendere in mano la propria vita, di rialzarsi quando si \u00e8 caduti, di proseguire il cammino quando ci si vorrebbe arrendere.<\/p>\n<p>Rientrano in quest\u2019area tutte le iniziative e i progetti riguardanti gli ambiti relativi a povert\u00e0 ed esclusione sociale, anziani e persone non autosufficienti, giustizia riparativa, studi e ricerche e progetti 8permille.<\/p>\n<p>PROMOZIONE MONDIALIT\u00c0<\/p>\n<p>Si impegna a favore delle persone e delle comunit\u00e0 pi\u00f9 fragili e vulnerabili a livello internazionale, promuovendo e favorendo politiche orientate a un mondo pi\u00f9 giusto e accogliente per tutti e tutte.<\/p>\n<p>Risponde a questioni pressanti come il cambiamento climatico, la perdurante fame e povert\u00e0, l\u2019ingiustizia e la disuguaglianza e i conflitti, attivandosi attraverso gemellaggi, corridoi umanitari, universitari e lavorativi.<\/p>\n","protected":false},"excerpt":{"rendered":"<p>CARITAS INTERNATIONALIS Nata nel 1951, conta oggi 165 enti caritativi in tutto il mondo, tra cui 49 di Caritas Europa. Opera sia nei Paesi ricchi che in quelli meno abbienti, sia nel Nord che nel Sud del mondo, considerando lo sviluppo umano integrale come principio guida. Caritas crede nella solidariet\u00e0, nella giustizia sociale ed economica e nella pace e integra proattivamente questi principi nel suo &hellip; <a href=\"https:\/\/www.diocesidinuoro.it\/caritas\/che-cose-la-caritas\/\" class=\"more-link\">Continua a leggere <span class=\"screen-reader-text\"><\/span> <span class=\"meta-nav\">&raquo;<\/span><\/a><\/p>\n","protected":false},"author":0,"featured_media":930,"comment_status":"closed","ping_status":"closed","sticky":false,"template":"","format":"standard","meta":{"_acf_changed":false,"ip_address":"","user_agent":"","level":"","revision":"","cookie_id":"","page_referer":"","html_form":"","footnotes":""},"categories":[36],"tags":[],"acf":[],"_links":{"self":[{"href":"https:\/\/www.diocesidinuoro.it\/caritas\/wp-json\/wp\/v2\/posts\/929"}],"collection":[{"href":"https:\/\/www.diocesidinuoro.it\/caritas\/wp-json\/wp\/v2\/posts"}],"about":[{"href":"https:\/\/www.diocesidinuoro.it\/caritas\/wp-json\/wp\/v2\/types\/post"}],"author":[{"embeddable":true,"href":"https:\/\/www.diocesidinuoro.it\/caritas\/wp-json\/wp\/v2\/users\/7"}],"replies":[{"embeddable":true,"href":"https:\/\/www.diocesidinuoro.it\/caritas\/wp-json\/wp\/v2\/comments?post=929"}],"version-history":[{"count":2,"href":"https:\/\/www.diocesidinuoro.it\/caritas\/wp-json\/wp\/v2\/posts\/929\/revisions"}],"predecessor-version":[{"id":952,"href":"https:\/\/www.diocesidinuoro.it\/caritas\/wp-json\/wp\/v2\/posts\/929\/revisions\/952"}],"wp:featuredmedia":[{"embeddable":true,"href":"https:\/\/www.diocesidinuoro.it\/caritas\/wp-json\/wp\/v2\/media\/930"}],"wp:attachment":[{"href":"https:\/\/www.diocesidinuoro.it\/caritas\/wp-json\/wp\/v2\/media?parent=929"}],"wp:term":[{"taxonomy":"category","embeddable":true,"href":"https:\/\/www.diocesidinuoro.it\/caritas\/wp-json\/wp\/v2\/categories?post=929"},{"taxonomy":"post_tag","embeddable":true,"href":"https:\/\/www.diocesidinuoro.it\/caritas\/wp-json\/wp\/v2\/tags?post=929"}],"curies":[{"name":"wp","href":"https:\/\/api.w.org\/{rel}","templated":true}]}}