{"id":934,"date":"2025-11-08T20:30:50","date_gmt":"2025-11-08T19:30:50","guid":{"rendered":"https:\/\/www.diocesidinuoro.it\/caritas\/?p=934"},"modified":"2025-11-09T21:07:00","modified_gmt":"2025-11-09T20:07:00","slug":"la-cappella-il-centro-di-ascolto-e-gli-sportelli","status":"publish","type":"post","link":"https:\/\/www.diocesidinuoro.it\/caritas\/la-cappella-il-centro-di-ascolto-e-gli-sportelli\/","title":{"rendered":"La Cappella, il Centro di Ascolto e gli Sportelli"},"content":{"rendered":"<p><b>Cappella<\/b><\/p>\n<p>La Cappella \u00e8 un luogo di preghiera a disposizione della comunit\u00e0. Pu\u00f2 essere frequentata singolarmente o in gruppo. Il silenzio, che \u00e8 una regola essenziale, permette momenti di raccoglimento e di riflessione. Il Crocefisso, appeso sulla parete, offre l\u2019occasione di entrare in diretto contatto con il Padre a cui rivolgere le nostre preghiere. Come tutti i luoghi sacri custodisce il mistero della Fede.<\/p>\n<p><b>Centro di Ascolto Diocesano<\/b><\/p>\n<p>La sua funzione \u00e8 quella di <i>incontrare, accogliere, ascoltare e prendere in carico<\/i> una persona che vive una situazione di fragilit\u00e0 sociale, economica e culturale rispettando, senza pregiudizi e prevaricazioni, le storie di vita incontrate.<\/p>\n<p>Il Centro di Ascolto diviene quindi uno strumento pastorale e pedagogico attraverso il quale si offre una risposta concreta alle persone e si stimola la solidariet\u00e0 e la corresponsabilit\u00e0 di tutta la comunit\u00e0 nel servizio verso il prossimo.<\/p>\n<p>Attenzione particolare viene data alle persone con maggiore svantaggio: persone sole o in stato di abbandono ed indigenza, migranti, giovani e famiglie, ai quali viene offerto non solo un aiuto materiale, ma anche quel conforto che arriva dalla condivisione del dolore e delle problematiche.<\/p>\n<p>Le persone che si rivolgono allo sportello possono avere le pi\u00f9 svariate difficolt\u00e0 e per questo, dopo un primo ascolto, vengono accompagnate e indirizzate al servizio che pu\u00f2 rispondere meglio al loro bisogno.<\/p>\n<p>Diversi i punti di ascolto specifici attivati all\u2019interno del Centro di Ascolto: lo Sportello di Ascolto Anti tratta e Sfruttamento lavorativo (in collaborazione con le Figlie della Carit\u00e0, Progetto Elen Joy), lo Sportello di Ascolto Carcere, lo Sportello di Ascolto Hikikomori (in collaborazione con l\u2019Associazione Hikikomori Italia Genitori ETS), lo Sportello di Ascolto Il Punto Fermo, lo Sportello di Ascolto Immigrazione, lo Sportello di ascolto Mi fido di noi, lo Sportello di<span class=\"Apple-converted-space\">\u00a0<\/span><\/p>\n<p>Ascolto Policoro (in collaborazione con l\u2019Ufficio diocesano di Pastorale Giovanile e l\u2019Ufficio diocesano di Pastorale Sociale e del Lavoro), lo Sportello di Ascolto Ruth.<\/p>\n<p><b>Sportello di Ascolto Anti tratta e Sfruttamento lavorativo<span class=\"Apple-converted-space\">\u00a0<\/span><\/b><\/p>\n<p>\u00c8 uno sportello informativo di orientamento e di supporto. \u00c8 rivolto a tutti i cittadini migranti che si trovano in situazione di sfruttamento e vulnerabilit\u00e0 ed \u00e8 uno spazio di ascolto per persone che hanno necessit\u00e0 di sostegno e orientamento<\/p>\n<p><b>Sportello di Ascolto Carcere<span class=\"Apple-converted-space\">\u00a0<\/span><\/b><\/p>\n<p>Sportello di ascolto nella casa circondariale di Badu \u2018e Carros, rivolto ai detenuti che ne fanno richiesta e vengono preventivamente autorizzati a incontrare i volontari Caritas.<span class=\"Apple-converted-space\">\u00a0<\/span><\/p>\n<p><b>Sportello di Ascolto Hikikomori<\/b><\/p>\n<p>In collaborazione con l\u2019Associazione Hikikomori Italia Genitori ETS, lo sportello \u00e8 a disposizione delle famiglie.<\/p>\n<p>Se c\u2019\u00e8 qualcuno che vive una situazione di ritiro sociale volontario, l\u2019invito \u00e8 quello di non restare soli: siamo qui per ascoltare, offrire un primo orientamento e mettere in contatto le persone con l\u2019associazione, che \u00e8 attiva anche in Sardegna. <span class=\"Apple-converted-space\">\u00a0<\/span><\/p>\n<p><b>Sportello di Ascolto Immigrazione<\/b><\/p>\n<p>Tra accoglienza e fraternit\u00e0, uno sguardo fraterno e solidale che accoglie l\u2019Altro proveniente da lontano con la convinzione che ogni uomo \u00e8 nostro fratello.<\/p>\n<p><b>Sportello di Ascolto Policoro<\/b><\/p>\n<p>Sportello dedicato al Progetto Policoro, che mira a rendere i giovani, spesso vittime della rassegnazione, della precariet\u00e0 e a volte dello sfruttamento, autentici protagonisti del rinnovamento nel \u00abfarsi costruttori di una nuova societ\u00e0\u00bb. L\u2019obiettivo \u00e8 quello di restituirgli speranza per progettare il loro futuro, con coraggio e protagonismo, promuovendo una nuova cultura del lavoro, inteso come realizzazione di s\u00e9, come orizzonte vocazionale di scoperta dei propri doni e dei propri talenti, attraverso percorsi di supporto ed orientamento formativo, assistenza nella predisposizione di curriculum vitae, accesso a bandi e politiche attive del lavoro, sostegno e consulenze formative per l\u2019imprenditoria giovanile e della cooperazione.<\/p>\n<p>Affidato agli Animatori di Comunit\u00e0, volontari specificatamente formati, che sono supportati da un tutor e dalle equipe diocesane composte dal Vescovo, i direttori degli uffici diocesani di Pastorale Giovanile, Pastorale Sociale e del Lavoro,<\/p>\n<p><b>Centro Studi<\/b> <b>Ce La Puoi Fare e Potenziamento scolastico<\/b><\/p>\n<p>Un servizio gratuito di sostegno e supporto scolastico offerto grazie alla collaborazione di insegnanti volontari esperti.<\/p>\n<p>Il servizio \u00e8 rivolto a tutti gli alunni in\u00a0difficolt\u00e0\u00a0della scuola primaria e secondaria di I e II grado che ne fanno richiesta tramite il centro di ascolto diocesano.<\/p>\n<p><b>Osservatorio delle Povert\u00e0 e delle Risorse<\/b><\/p>\n<p>Un servizio gratuito di sostegno e supporto scolastico offerto grazie alla collaborazione di insegnanti volontari esperti.<\/p>\n<p>Il servizio \u00e8 rivolto a tutti gli alunni in difficolt\u00e0 della scuola primaria e secondaria di I e II grado che ne fanno richiesta tramite il centro di ascolto diocesano.<\/p>\n","protected":false},"excerpt":{"rendered":"<p>Cappella La Cappella \u00e8 un luogo di preghiera a disposizione della comunit\u00e0. Pu\u00f2 essere frequentata singolarmente o in gruppo. Il silenzio, che \u00e8 una regola essenziale, permette momenti di raccoglimento e di riflessione. Il Crocefisso, appeso sulla parete, offre l\u2019occasione di entrare in diretto contatto con il Padre a cui rivolgere le nostre preghiere. Come tutti i luoghi sacri custodisce il mistero della Fede. Centro &hellip; <a href=\"https:\/\/www.diocesidinuoro.it\/caritas\/la-cappella-il-centro-di-ascolto-e-gli-sportelli\/\" class=\"more-link\">Continua a leggere <span class=\"screen-reader-text\"><\/span> <span class=\"meta-nav\">&raquo;<\/span><\/a><\/p>\n","protected":false},"author":0,"featured_media":935,"comment_status":"closed","ping_status":"closed","sticky":false,"template":"","format":"standard","meta":{"_acf_changed":false,"ip_address":"","user_agent":"","level":"","revision":"","cookie_id":"","page_referer":"","html_form":"","footnotes":""},"categories":[36],"tags":[],"acf":[],"_links":{"self":[{"href":"https:\/\/www.diocesidinuoro.it\/caritas\/wp-json\/wp\/v2\/posts\/934"}],"collection":[{"href":"https:\/\/www.diocesidinuoro.it\/caritas\/wp-json\/wp\/v2\/posts"}],"about":[{"href":"https:\/\/www.diocesidinuoro.it\/caritas\/wp-json\/wp\/v2\/types\/post"}],"author":[{"embeddable":true,"href":"https:\/\/www.diocesidinuoro.it\/caritas\/wp-json\/wp\/v2\/users\/7"}],"replies":[{"embeddable":true,"href":"https:\/\/www.diocesidinuoro.it\/caritas\/wp-json\/wp\/v2\/comments?post=934"}],"version-history":[{"count":2,"href":"https:\/\/www.diocesidinuoro.it\/caritas\/wp-json\/wp\/v2\/posts\/934\/revisions"}],"predecessor-version":[{"id":946,"href":"https:\/\/www.diocesidinuoro.it\/caritas\/wp-json\/wp\/v2\/posts\/934\/revisions\/946"}],"wp:featuredmedia":[{"embeddable":true,"href":"https:\/\/www.diocesidinuoro.it\/caritas\/wp-json\/wp\/v2\/media\/935"}],"wp:attachment":[{"href":"https:\/\/www.diocesidinuoro.it\/caritas\/wp-json\/wp\/v2\/media?parent=934"}],"wp:term":[{"taxonomy":"category","embeddable":true,"href":"https:\/\/www.diocesidinuoro.it\/caritas\/wp-json\/wp\/v2\/categories?post=934"},{"taxonomy":"post_tag","embeddable":true,"href":"https:\/\/www.diocesidinuoro.it\/caritas\/wp-json\/wp\/v2\/tags?post=934"}],"curies":[{"name":"wp","href":"https:\/\/api.w.org\/{rel}","templated":true}]}}