{"id":937,"date":"2025-11-08T20:34:34","date_gmt":"2025-11-08T19:34:34","guid":{"rendered":"https:\/\/www.diocesidinuoro.it\/caritas\/?p=937"},"modified":"2025-11-09T21:00:41","modified_gmt":"2025-11-09T20:00:41","slug":"accoglienza","status":"publish","type":"post","link":"https:\/\/www.diocesidinuoro.it\/caritas\/accoglienza\/","title":{"rendered":"Accoglienza"},"content":{"rendered":"<p><b>Casa Nazareth<\/b><\/p>\n<p>situata nel cuore di Santu Predu \u00e8 nata per ospitare, per periodi brevi, le persone in difficolt\u00e0 e senza fissa dimora: i c.d. &#8220;Invisibili&#8221;. L&#8217;ingresso alla casa \u00e8 consentito dalle 18,00 alle 20,00 e dovr\u00e0 essere lasciata libera entro le 9.00.<span class=\"Apple-converted-space\">\u00a0 <\/span>I volontari si occupano, in accordo con il centro di Ascolto Caritas, di fornire agli ospiti l&#8217;accoglienza, momenti di condivisione e supporto con cena e colazione al fine di farli sentire accolti e meno soli.<\/p>\n<p><b>Casa Padri Sempre e Casa Pronta accoglienza<\/b><\/p>\n<p>Tutte le case sono fatte per accogliere. La nostra accoglie persone sole e famiglie, soggetti deboli o senza punti di riferimento, sorelle e fratelli bisognosi di un sostegno immediato. (padri separati o che hanno interrotto la convivenza, detenuti beneficiari dei permessi premio, giovani in verifica e altre situazioni che si presentano). All\u2019interno della casa gli ospiti hanno la possibilit\u00e0 di condurre una vita familiare, usufruendo della cucina, sala da pranzo e soggiorno, uno spazio per lavare e stirare. I volontari sono quotidianamente impegnati nel fare compagnia agli ospiti sostenendoli sia dal punto di vista umano sia spirituale. Fra le nostre mura si pu\u00f2 trovare un ambiente accogliente e sereno. <span class=\"Apple-converted-space\">\u00a0<\/span><\/p>\n<p><b>Casa Santa Lucia<\/b><\/p>\n<p>In collaborazione con l\u2019Associazione Cilla, nasce per l\u2019accoglienza di malati e loro familiari che usufruiscono dell\u2019assistenza negli Ospedali di Nuoro.<\/p>\n<p><b>Emporio solidale<\/b><\/p>\n<p>Destinato ad alleviare la carente capacit\u00e0 di acquisto di alcuni poveri, offre a chi individuato dal centro di ascolto e munito di apposita scheda, la possibilit\u00e0 di prelevare generi alimentari e prodotti per l\u2019igiene personale e della casa.<\/p>\n<p>I volontari che vi prestano servizio sono sempre pronti ad accogliere con amore e con un sorriso i fratelli meno fortunati e preparare con dedizione uno spazio accogliente che li faccia sentire come in un alimentare di quartiere.<\/p>\n<p>I beni che vengono messi a disposizione provengono dalla spesa solidale, le donazioni dei supermercati, le donazioni in denaro raccolte dai privati e il progetto 8xmille Beni Materiali.<\/p>\n<p><b>Mensa e Servizio Docce<\/b><\/p>\n<p>situato in via Lombardia, accoglie quotidianamente, anche nei giorni festivi, le persone in stato di indigenza alle quali viene offerto un pasto caldo ed eventualmente la cena da consumare a casa. Qualora ci siano dei senza-tetto \u00e8 disponibile anche il servizio doccia. Ogni giorno la mensa fornisce circa 20 pasti, ma i numeri sono variabili a seconda delle richieste e del periodo.<\/p>\n","protected":false},"excerpt":{"rendered":"<p>Casa Nazareth situata nel cuore di Santu Predu \u00e8 nata per ospitare, per periodi brevi, le persone in difficolt\u00e0 e senza fissa dimora: i c.d. &#8220;Invisibili&#8221;. L&#8217;ingresso alla casa \u00e8 consentito dalle 18,00 alle 20,00 e dovr\u00e0 essere lasciata libera entro le 9.00.\u00a0 I volontari si occupano, in accordo con il centro di Ascolto Caritas, di fornire agli ospiti l&#8217;accoglienza, momenti di condivisione e supporto &hellip; <a href=\"https:\/\/www.diocesidinuoro.it\/caritas\/accoglienza\/\" class=\"more-link\">Continua a leggere <span class=\"screen-reader-text\"><\/span> <span class=\"meta-nav\">&raquo;<\/span><\/a><\/p>\n","protected":false},"author":0,"featured_media":938,"comment_status":"closed","ping_status":"closed","sticky":false,"template":"","format":"standard","meta":{"_acf_changed":false,"ip_address":"","user_agent":"","level":"","revision":"","cookie_id":"","page_referer":"","html_form":"","footnotes":""},"categories":[36],"tags":[],"acf":[],"_links":{"self":[{"href":"https:\/\/www.diocesidinuoro.it\/caritas\/wp-json\/wp\/v2\/posts\/937"}],"collection":[{"href":"https:\/\/www.diocesidinuoro.it\/caritas\/wp-json\/wp\/v2\/posts"}],"about":[{"href":"https:\/\/www.diocesidinuoro.it\/caritas\/wp-json\/wp\/v2\/types\/post"}],"author":[{"embeddable":true,"href":"https:\/\/www.diocesidinuoro.it\/caritas\/wp-json\/wp\/v2\/users\/7"}],"replies":[{"embeddable":true,"href":"https:\/\/www.diocesidinuoro.it\/caritas\/wp-json\/wp\/v2\/comments?post=937"}],"version-history":[{"count":2,"href":"https:\/\/www.diocesidinuoro.it\/caritas\/wp-json\/wp\/v2\/posts\/937\/revisions"}],"predecessor-version":[{"id":941,"href":"https:\/\/www.diocesidinuoro.it\/caritas\/wp-json\/wp\/v2\/posts\/937\/revisions\/941"}],"wp:featuredmedia":[{"embeddable":true,"href":"https:\/\/www.diocesidinuoro.it\/caritas\/wp-json\/wp\/v2\/media\/938"}],"wp:attachment":[{"href":"https:\/\/www.diocesidinuoro.it\/caritas\/wp-json\/wp\/v2\/media?parent=937"}],"wp:term":[{"taxonomy":"category","embeddable":true,"href":"https:\/\/www.diocesidinuoro.it\/caritas\/wp-json\/wp\/v2\/categories?post=937"},{"taxonomy":"post_tag","embeddable":true,"href":"https:\/\/www.diocesidinuoro.it\/caritas\/wp-json\/wp\/v2\/tags?post=937"}],"curies":[{"name":"wp","href":"https:\/\/api.w.org\/{rel}","templated":true}]}}