{"id":942,"date":"2025-11-08T20:58:26","date_gmt":"2025-11-08T19:58:26","guid":{"rendered":"https:\/\/www.diocesidinuoro.it\/caritas\/?p=942"},"modified":"2025-11-10T10:19:42","modified_gmt":"2025-11-10T09:19:42","slug":"servizi-e-progetti","status":"publish","type":"post","link":"https:\/\/www.diocesidinuoro.it\/caritas\/servizi-e-progetti\/","title":{"rendered":"Servizi e Progetti"},"content":{"rendered":"<p><b>Accoglienza Sotto lo stesso Cielo<\/b><\/p>\n<p>Uno spazio di accoglienza integrale alle famiglie dei detenuti di Badu \u2018e Carros, che unisce cura materiale, attenzione spirituale e umanit\u00e0, e nasce con l\u2019intento di trasmettere calore, fiducia, sollievo e speranza ai familiari che attendono di incontrare i loro cari.<\/p>\n<p><b>Anziani E Ammalati: Esperienze; Sensazioni, Racconti<\/b><\/p>\n<p>Attivit\u00e0 a favore degli anziani nelle case di riposo e degli ammalati, con l\u2019obiettivo di creare condizioni di contatto tra le generazioni, stimolando la condivisione e lo scambio reciproco.<\/p>\n<p><b>Armadio Solidale<\/b><\/p>\n<p>Attivato dalla Caritas e dalla Pastorale della salute della Diocesi di Nuoro presso l\u2019Ospedale San Francesco offre un aiuto ai ricoverati in situazione di emergenza o privi di un sostegno familiare per procurare gli oggetti personali indispensabili per la degenza (biancheria e progetti per l\u2019igiene personale). Il materiale disponibile viene donato da alcuni commercianti di Nuoro e dalle offerte dei privati.<\/p>\n<p><b>Famiglie Nel Cuore. L\u2019amore pi\u00f9 forte delle fragilit\u00e0<\/b><\/p>\n<p>Un progetto organizzato dalle Diocesi di Nuoro e di Lanusei e guidato dalle rispettive Caritas diocesane, per sostenere i nuclei familiari attraverso iniziative di formazione e supporto, come borse di studio e la creazione di una rete di aiuto.<\/p>\n<p>Rivolto a genitori, figli e operatori del settore, mira a rafforzare i legami familiari di fronte alle difficolt\u00e0 e fornire strumenti utili al superamento delle fragilit\u00e0 momentanee.<\/p>\n<p>Attualmente operativo il servizio di supporto psicologico dedicato, affidato a psicologhe e psicoterapeute professioniste.<\/p>\n<p><strong>Accompagnamento detenuti<br \/>\n<\/strong><\/p>\n<p><span style=\"font-size: inherit;\">Offre supporto umano e logistico a persone detenute che beneficiano di momenti di libert\u00e0 temporanea. Un gesto concreto di vicinanza e reinserimento, nel segno della dignit\u00e0 e della speranza<\/span><strong><br \/>\n<\/strong><\/p>\n<p><b>Giubilo Anch\u2019Io<\/b><\/p>\n<p>Il progetto destinato ai detenuti si ispira alle Linee Pastorali offerte dal Santo Padre per il Giubileo della Speranza. L\u2019obiettivo \u00e8 quello di costruire percorsi di crescita umana e spirituale per le persone detenute e per le loro famiglie, ricostruendo legami e favorendo un cambiamento culturale nella comunit\u00e0. <span class=\"Apple-converted-space\">\u00a0 \u00a0 \u00a0 \u00a0 \u00a0 \u00a0 \u00a0 \u00a0 \u00a0 \u00a0 \u00a0 \u00a0 \u00a0 \u00a0 \u00a0 \u00a0 \u00a0 \u00a0 \u00a0 \u00a0 \u00a0 \u00a0 \u00a0 \u00a0 \u00a0 \u00a0 \u00a0 \u00a0 \u00a0 \u00a0 \u00a0 \u00a0 \u00a0 \u00a0 \u00a0 \u00a0 \u00a0 \u00a0 \u00a0 \u00a0 \u00a0 \u00a0 \u00a0 \u00a0 \u00a0 \u00a0 \u00a0 \u00a0 \u00a0 \u00a0 \u00a0 \u00a0 \u00a0 \u00a0 \u00a0 \u00a0 \u00a0 \u00a0 \u00a0 \u00a0 \u00a0 \u00a0 \u00a0 \u00a0 \u00a0 \u00a0 \u00a0 \u00a0 \u00a0 \u00a0 \u00a0 \u00a0 \u00a0 \u00a0 \u00a0 \u00a0<\/span><\/p>\n<p><b>Laboratorio Di Cucito<\/b><\/p>\n<p>Progetto attivato nella casa circondariale di Badu \u2018e Carros con l\u2019obiettivo di stimolare la creativit\u00e0 individuale e farla esprimere attraverso la realizzazione di manufatti e costumi per rappresentazioni teatrali.<\/p>\n<p><b>Il Punto Fermo: lavoro<\/b><\/p>\n<p>Luogo di incontro tra i bisogni, i dubbi e i problemi di chi deve capire \u2013 risolvere \u2013 rinascere &#8211; sperare e le Istituzioni presenti nel territorio.<\/p>\n<p><b>Mi Fido Di Noi<\/b><\/p>\n<p>Un progetto diocesano che consente alle persone in difficolt\u00e0, inviate dai parroci di riferimento, l\u2019accesso al prestito: alcuni volontari professionisti guidano i beneficiari in questo percorso di richiesta di un microcredito.<\/p>\n<p>Non \u00e8 una iniziativa isolata che ha la pretesa di voler risolvere ogni tipologia di disagio, ma \u00e8 uno strumento complementare ai percorsi di inclusione sociale gi\u00e0 previsti dalle Caritas, che passa attraverso il coinvolgimento delle comunit\u00e0 locali, con lo scopo di generare una crescita per l\u2019economia inclusiva, che sia in grado di sostenere il reddito di persone e famiglie in condizioni di vulnerabilit\u00e0 economica e produrre valore sociale e ambientale, condiviso nel territorio.<span class=\"Apple-converted-space\">\u00a0 <\/span>L\u2019obiettivo \u00e8 anche quello di restituire la fiducia nella solidariet\u00e0, promuovendo una cultura del consumo consapevole e del risparmio, favorendo scelte di vita pi\u00f9 sostenibili e sobrie, contrastando l\u2019illusione di soluzioni facili ai propri problemi economici, come per esempio il ricorso all\u2019azzardo o al possibile mercato illegale del credito.<\/p>\n<p>Si rivolge a soggetti in condizioni di vulnerabilit\u00e0 economica, sociale ed energetica, come ad esempio famiglie italiane e straniere, persone singole, anziani, NEET e giovani disoccupati, studenti e donne vittime di violenza.<\/p>\n<p><b>Nuoro For Europe 2024\/25<span class=\"Apple-converted-space\">\u00a0<\/span><\/b><\/p>\n<p>Attraverso un partenariato condiviso con l\u2019Istituto Tecnico Commerciale Statale Chironi \u2013 Satta, permette agli studenti e studentesse di sei scuole di secondo grado di Nuoro di vivere nuove esperienze educative e culturali. Gli Istituti scolastici coinvolti, nel rappresentare durante le attivit\u00e0 sportive la propria Nazione, avranno lo scopo di conoscere meglio il Paese assegnato e si potranno sensibilizzare tutti al senso di identit\u00e0 ed ai valori dell\u2019Europa.<\/p>\n<p><b>Orto Solidale e Fungaia<\/b><\/p>\n<p>Un\u2019esperienza nata alcuni fa con lo scopo di coinvolgere i detenuti di Badu \u2018e Carros in attivit\u00e0 agricole volte alla rieducazione.<\/p>\n<p>Inizialmente svolta da insegnanti esperti nella materia, oggi continua con la cura dell\u2019orto e la semina di diverse variet\u00e0 di ortaggi e verdure (pomodori, zucchine, finocchi, cavoli, etc) che producono alimenti ad uso e consumo dei detenuti presenti nella sezione dei curatori dell\u2019orto. Alcune volte, se la produzione \u00e8 abbondante, viene fornito anche l\u2019emporio solidale.<\/p>\n<p><b>Quando Non Ne Posso Pi\u00f9 Della Vita! Cosa Fare?<\/b><\/p>\n<p>Sportello di ascolto e accompagnamento specifico anche telefonico di risposta alle domande sulla vita e sulla morte. Si pone l\u2019obiettivo di generare sguardi nuovi sulla vita alimentando una nuova mentalit\u00e0 culturale, ecclesiale e sociale<\/p>\n<p><b>Ruth<span class=\"Apple-converted-space\">\u00a0<\/span><\/b><\/p>\n<p>\u00c8 un progetto di Caritas Italiana dedicato alle donne vittime di violenza e finalizzato all\u2019emancipazione dalle diverse forme di sudditanza e di sofferenza economica che si possono generare nei contesti di violenza domestica, attraverso l\u2019accesso al microcredito sociale e imprenditoriale. Gli operatori delle Caritas diocesane\u00a0accompagnano la donna, inviata dai centri antiviolenza, a partire dalla fase istruttoria della richiesta del microcredito sociale fino alla fase di rimborso del prestito.<\/p>\n<p>L\u2019erogazione del microcredito sociale \u00e8 principalmente finalizzata all\u2019acquisto di beni o servizi necessari al soddisfacimento di bisogni primari del soggetto finanziato o di un membro del proprio nucleo familiare.<\/p>\n<p>Unico sportello attivo di riferimento per la Regione Sardegna, affidato a un\u2019operatrice che convoglia in s\u00e9 le competenze del counseling professionale e di tutor di microcredito dell\u2019Ente Nazionale di Microcredito.<\/p>\n<p><b>Scuola e Volontariato<\/b><\/p>\n<p>Destinato agli allievi delle scuole che ne faranno richiesta per un numero di ore concordato ha lo scopo di promuovere la Carit\u00e0 in un\u2019esperienza di attivit\u00e0 di servizio e di formazione pedagogica<span class=\"Apple-converted-space\">\u00a0<\/span><\/p>\n<p><b>Vince Chi Smette<\/b><\/p>\n<p>Progetto di Caritas Italiana pensato per attivare percorsi di consapevolezza personali e comunitari contro il fenomeno dell\u2019azzardo che, grazie anche alla diffusione delle scommesse online, trascina un elevatissimo numero di persone di ogni et\u00e0.<\/p>\n<p>Il progetto ha lo scopo di Informare, Sensibilizzare, Prevenire, Accompagnare e Fare Rete e prevede numerose azioni coordinate a livello nazionale. Anche in questo caso sono coinvolti volontari rappresentanti di diverse professionalit\u00e0.<\/p>\n<p><b>Vola Con Le Tue Ali<\/b><\/p>\n<p>Sportello di supporto e terapia psicologica dedicato a persone singole, coppie, famiglie e alle vittime di abuso.<\/p>\n<p><b>WEC<\/b><\/p>\n<p>Progetto Welfare Energetico Climatico, promosso anche dalla Caritas Nazionale, volto a sensibilizzare sul tema della sostenibilit\u00e0 ambientale, energia e clima, seguendo il Magistero della Chiesa.<\/p>\n<p>Identifica nella Comunit\u00e0 Energetica Rinnovabile (CER) uno strumento chiave per supportare la transizione dalle fonti fossili a quelle rinnovabili tramite una gestione comunitaria.<\/p>\n<p>L\u2019obiettivo: contrastare la povert\u00e0 energetica, trasformando la CER in una comunit\u00e0 Energetica.<\/p>\n<p>La Caritas svolge un\u2019intensa attivit\u00e0 di solidariet\u00e0 a supporto del benessere dell\u2019individuo e si avvale, al bisogno, di una rete di collaborazione che vede molte figure professionali che si pongono volontariamente al servizio delle persone con difficolt\u00e0 sociale e culturale (consulenze legali, sanitarie, psicologiche, problematiche del lavoro\u2026)<\/p>\n","protected":false},"excerpt":{"rendered":"<p>Accoglienza Sotto lo stesso Cielo Uno spazio di accoglienza integrale alle famiglie dei detenuti di Badu \u2018e Carros, che unisce cura materiale, attenzione spirituale e umanit\u00e0, e nasce con l\u2019intento di trasmettere calore, fiducia, sollievo e speranza ai familiari che attendono di incontrare i loro cari. Anziani E Ammalati: Esperienze; Sensazioni, Racconti Attivit\u00e0 a favore degli anziani nelle case di riposo e degli ammalati, con &hellip; <a href=\"https:\/\/www.diocesidinuoro.it\/caritas\/servizi-e-progetti\/\" class=\"more-link\">Continua a leggere <span class=\"screen-reader-text\"><\/span> <span class=\"meta-nav\">&raquo;<\/span><\/a><\/p>\n","protected":false},"author":0,"featured_media":943,"comment_status":"closed","ping_status":"closed","sticky":false,"template":"","format":"standard","meta":{"_acf_changed":false,"ip_address":"","user_agent":"","level":"","revision":"","cookie_id":"","page_referer":"","html_form":"","footnotes":""},"categories":[36],"tags":[],"acf":[],"_links":{"self":[{"href":"https:\/\/www.diocesidinuoro.it\/caritas\/wp-json\/wp\/v2\/posts\/942"}],"collection":[{"href":"https:\/\/www.diocesidinuoro.it\/caritas\/wp-json\/wp\/v2\/posts"}],"about":[{"href":"https:\/\/www.diocesidinuoro.it\/caritas\/wp-json\/wp\/v2\/types\/post"}],"author":[{"embeddable":true,"href":"https:\/\/www.diocesidinuoro.it\/caritas\/wp-json\/wp\/v2\/users\/7"}],"replies":[{"embeddable":true,"href":"https:\/\/www.diocesidinuoro.it\/caritas\/wp-json\/wp\/v2\/comments?post=942"}],"version-history":[{"count":3,"href":"https:\/\/www.diocesidinuoro.it\/caritas\/wp-json\/wp\/v2\/posts\/942\/revisions"}],"predecessor-version":[{"id":953,"href":"https:\/\/www.diocesidinuoro.it\/caritas\/wp-json\/wp\/v2\/posts\/942\/revisions\/953"}],"wp:featuredmedia":[{"embeddable":true,"href":"https:\/\/www.diocesidinuoro.it\/caritas\/wp-json\/wp\/v2\/media\/943"}],"wp:attachment":[{"href":"https:\/\/www.diocesidinuoro.it\/caritas\/wp-json\/wp\/v2\/media?parent=942"}],"wp:term":[{"taxonomy":"category","embeddable":true,"href":"https:\/\/www.diocesidinuoro.it\/caritas\/wp-json\/wp\/v2\/categories?post=942"},{"taxonomy":"post_tag","embeddable":true,"href":"https:\/\/www.diocesidinuoro.it\/caritas\/wp-json\/wp\/v2\/tags?post=942"}],"curies":[{"name":"wp","href":"https:\/\/api.w.org\/{rel}","templated":true}]}}