{"id":96,"date":"2021-02-16T23:00:00","date_gmt":"2021-02-16T22:00:00","guid":{"rendered":"https:\/\/www.diocesidinuoro.it\/caritas\/cappella-virtuale-per-la-quaresima\/"},"modified":"2022-05-12T16:24:33","modified_gmt":"2022-05-12T14:24:33","slug":"cappella-virtuale-per-la-quaresima","status":"publish","type":"post","link":"https:\/\/www.diocesidinuoro.it\/caritas\/cappella-virtuale-per-la-quaresima\/","title":{"rendered":"Cappella virtuale per la Quaresima"},"content":{"rendered":"<p>Una \u201ccappella virtuale\u201d in cui condividere le intenzioni di preghiera: \u00e8 l\u2019iniziativa promossa dalla Caritas diocesana di Nuoro durante la Quaresima. Da mercoled\u00ec 17 febbraio 2021 fino a Pasqua, chi lo desidera potr\u00e0 inviare la propria intenzione di preghiera\u00a0\u2012\u00a0di cui verr\u00e0 garantito l\u2019anonimato\u00a0\u2012\u00a0alla mail della Caritas diocesana\u00a0<strong>esseredono@gmail.com<\/strong>: tutte le intenzioni verranno poi inviate dalla stessa Caritas\u00a0\u00a0alle monache carmelitane di Nuoro e alle benedettine di Dorgali, che le condivideranno durante la preghiera comunitaria in preparazione alla Pasqua.<\/p>\n<p>L\u2019iniziativa \u00e8 un invito a pregare e far pregare, l\u00e0 dove la preghiera diventa uno strumento per educare la comunit\u00e0 alla carit\u00e0, alla prossimit\u00e0 e alla solidariet\u00e0 verso le persone sofferenti: un invito ancora pi\u00f9 significativo non solo perch\u00e9 fatto in tempo di Quaresima, in cui ognuno \u00e8 chiamato a rinnovare la propria fede, ma anche perch\u00e9 avviene nell\u2019attuale periodo di pandemia, segnato da tanti problemi e fragilit\u00e0.<\/p>\n","protected":false},"excerpt":{"rendered":"<p>Una \u201ccappella virtuale\u201d in cui condividere le intenzioni di preghiera: \u00e8 l\u2019iniziativa promossa dalla Caritas diocesana di Nuoro durante la Quaresima. Da mercoled\u00ec 17 febbraio 2021 fino a Pasqua, chi lo desidera potr\u00e0 inviare la propria intenzione di preghiera\u00a0\u2012\u00a0di cui verr\u00e0 garantito l\u2019anonimato\u00a0\u2012\u00a0alla mail della Caritas diocesana\u00a0esseredono@gmail.com: tutte le intenzioni verranno poi inviate dalla stessa Caritas\u00a0\u00a0alle monache carmelitane di Nuoro e alle benedettine di Dorgali, &hellip; <a href=\"https:\/\/www.diocesidinuoro.it\/caritas\/cappella-virtuale-per-la-quaresima\/\" class=\"more-link\">Continua a leggere <span class=\"screen-reader-text\"><\/span> <span class=\"meta-nav\">&raquo;<\/span><\/a><\/p>\n","protected":false},"author":0,"featured_media":97,"comment_status":"closed","ping_status":"open","sticky":false,"template":"","format":"standard","meta":{"_acf_changed":false,"ip_address":"","user_agent":"","level":"","revision":"","cookie_id":"","page_referer":"","html_form":"","footnotes":""},"categories":[3,2],"tags":[],"acf":[],"_links":{"self":[{"href":"https:\/\/www.diocesidinuoro.it\/caritas\/wp-json\/wp\/v2\/posts\/96"}],"collection":[{"href":"https:\/\/www.diocesidinuoro.it\/caritas\/wp-json\/wp\/v2\/posts"}],"about":[{"href":"https:\/\/www.diocesidinuoro.it\/caritas\/wp-json\/wp\/v2\/types\/post"}],"author":[{"embeddable":true,"href":"https:\/\/www.diocesidinuoro.it\/caritas\/wp-json\/wp\/v2\/users\/3"}],"replies":[{"embeddable":true,"href":"https:\/\/www.diocesidinuoro.it\/caritas\/wp-json\/wp\/v2\/comments?post=96"}],"version-history":[{"count":1,"href":"https:\/\/www.diocesidinuoro.it\/caritas\/wp-json\/wp\/v2\/posts\/96\/revisions"}],"predecessor-version":[{"id":119,"href":"https:\/\/www.diocesidinuoro.it\/caritas\/wp-json\/wp\/v2\/posts\/96\/revisions\/119"}],"wp:featuredmedia":[{"embeddable":true,"href":"https:\/\/www.diocesidinuoro.it\/caritas\/wp-json\/wp\/v2\/media\/97"}],"wp:attachment":[{"href":"https:\/\/www.diocesidinuoro.it\/caritas\/wp-json\/wp\/v2\/media?parent=96"}],"wp:term":[{"taxonomy":"category","embeddable":true,"href":"https:\/\/www.diocesidinuoro.it\/caritas\/wp-json\/wp\/v2\/categories?post=96"},{"taxonomy":"post_tag","embeddable":true,"href":"https:\/\/www.diocesidinuoro.it\/caritas\/wp-json\/wp\/v2\/tags?post=96"}],"curies":[{"name":"wp","href":"https:\/\/api.w.org\/{rel}","templated":true}]}}