{"id":104,"date":"2021-02-07T23:00:00","date_gmt":"2021-02-07T22:00:00","guid":{"rendered":"https:\/\/www.diocesidinuoro.it\/famiglia\/un-anno-per-famigliarizzare-la-chiesa\/"},"modified":"2021-02-07T23:00:00","modified_gmt":"2021-02-07T22:00:00","slug":"un-anno-per-famigliarizzare-la-chiesa","status":"publish","type":"post","link":"https:\/\/www.diocesidinuoro.it\/famiglia\/un-anno-per-famigliarizzare-la-chiesa\/","title":{"rendered":"Un anno per &#8220;famigliarizzare&#8221; la Chiesa"},"content":{"rendered":"<p style=\"text-align: justify\">Il recente annuncio di un Anno \u201cFamiglia Amoris Laetitia\u201d per celebrare i cinque anni dalla pubblicazione dell\u2019Esortazione Apostolica, stimola una riflessione sulla volont\u00e0 del Papa di verificare l\u2019attuazione di questo importante documento nelle nostre Chiese locali.<br \/>\nEsso verr\u00e0 inaugurato con la prossima festa di San Giuseppe e si concluder\u00e0 il 26 giugno 2022, in occasione del X incontro mondiale delle famiglie a Roma con Francesco. La coincidenza con un particolare Anno dedicato alla figura del santo Patrono della Chiesa universale costituisce una intuizione felice. Pur rimanendo in attesa delle proposte che ci verranno offerte per vivere adeguatamente queste due iniziative, appare opportuno richiamare, per sommi capi, le finalit\u00e0 e gli orizzonti che il Dicastero per i Laici, Famiglia e vita offre alla nostra attenzione.<br \/>\nAnzitutto deve essere un anno di verifica. Tutti ricordiamo come il documento costituisca il punto di arrivo di un percorso biennale, segnato dalla celebrazione di ben due Sinodi dei Vescovi e l\u2019apporto delle stesse Chiese locali, Universit\u00e0, Istituti di vita consacrata, singoli fedeli. In quella occasione sono state presentate valutazioni e sensibilit\u00e0 estremamente variegate che hanno portato anche ad un forte dibattito sui diversi temi trattati. Talvolta, l\u2019impressione che si \u00e8 avuta, \u00e8 stata quella di aver ridotto la riflessione esclusivamente a indicazioni di ordine pratico, perdendo di vista il contesto e, soprattutto, i densi capitoli nei quali viene riproposta la dottrina della Chiesa sul sacramento del matrimonio. Del resto la finalit\u00e0 di tutto questo percorso era quella di ripresentare la dottrina tradizionale della Chiesa alla luce delle attuali circostanze, domandandoci sempre che cosa dice oggi alla Chiesa e al mondo il sacramento del matrimonio, quale rilevanza abbiano nella vita della comunit\u00e0 cristiana il ministero coniugale e la complessa realt\u00e0 familiare.<br \/>\nIn questo momento storico la famiglia \u00e8 chiamata a \u201cfamigliarizzare\u201d la Chiesa, a rendere cio\u00e8 la comunit\u00e0 dei credenti il luogo nel quale si manifesta autenticamente il Dio Amore, segno e dono per tutti gli uomini e donne del nostro tempo, invitati a sperimentare in tutti gli ambienti di vita quelle dinamiche che costituisco il riferimento pi\u00f9 naturale e quotidiano per tutti. In questo senso siamo invitati a riscoprire la centralit\u00e0 della famiglia e considerare i legami familiari come canovaccio sul quale pensare la ripartenza. La pandemia, infatti, ci ha fatto riscoprire il valore della chiesa domestica, non come luogo nel quale replicare riti che appartengono all\u2019insieme della comunit\u00e0 ma come soggetto attivo della vita ecclesiale e sociale, con una precisa fisionomia e una ritualit\u00e0 che gli \u00e8 propria.<br \/>\nLe finalit\u00e0 assegnate a questo nuovo Anno spaziano dalla conoscenza e diffusione della Amoris Laetitia all\u2019annuncio del sacramento del matrimo- nio come dono che eleva l\u2019amore umano, a percorsi che rendano le famiglie veramente protagoniste nella pastorale familiare, alla formazione dei giovani alla bellezza del matrimonio cristiano e, da ultimo, ad ampliare lo sguardo della pastorale familiare per abbracciare tutte le situazioni che appartengono alla vita quotidiana della famiglia. In questa prospettiva vengono identificati ben 12 percorsi pastorali che sono affidati a tutti i fedeli come proposta di lavoro per questo Anno, vissuti attraverso iniziative particolari che coinvolgano le risorse vive della comunit\u00e0. Una occasione dunque assai propizia per ripensare la pastorale della famiglia all\u2019interno delle nostre Chiese locali, in quella prospettiva di valorizzazione sia del ministero dei coniugi ma anche di quella pi\u00f9 ampia ministerialit\u00e0 laicale, talvolta tutta ancora da scoprire.<br \/>\nDestinatari di questa proposta pastorale vengono individuati nelle Conferenze Episcopali, le Diocesi, le parrocchie, i Movimenti ecclesiali, le Associazioni e tutte le famiglie del mondo. Insomma, si tratta di ripensare non solo l\u2019approccio alla pastorale delle e con le famiglie ma ad attivare processi virtuosi all\u2019interno della comunit\u00e0 ecclesiale dove si superi una visione semplicemente occasionale o ridotta ad iniziative-segno, in favore di una conversione pastorale di cui ormai si sente l\u2019improrogabile esigenza. Perci\u00f2 l\u2019invito a consultare il sito <strong><a href=\"http:\/\/www.amorislaetitia.va\" target=\"_blank\" rel=\"noopener\">www.amorislaetitia.va<\/a><\/strong> attivato dal Dicastero pu\u00f2 costituire l\u2019occasione affinch\u00e9 la creativit\u00e0 pastorale suggerisca proposte adeguate alle singole realt\u00e0 ecclesiali.<\/p>\n<p style=\"text-align: right\"><strong>Alessandro Fadda<\/strong><\/p>\n","protected":false},"excerpt":{"rendered":"<p>Il recente annuncio di un Anno \u201cFamiglia Amoris Laetitia\u201d per celebrare i cinque anni dalla pubblicazione dell\u2019Esortazione Apostolica, stimola una riflessione sulla volont\u00e0 del Papa di verificare l\u2019attuazione di questo importante documento nelle nostre Chiese locali. Esso verr\u00e0 inaugurato con la prossima festa di San Giuseppe e si concluder\u00e0 il 26 giugno 2022, in occasione del X incontro mondiale delle famiglie a Roma con Francesco. &hellip; <a href=\"https:\/\/www.diocesidinuoro.it\/famiglia\/un-anno-per-famigliarizzare-la-chiesa\/\" class=\"more-link\">Continua a leggere <span class=\"screen-reader-text\"><\/span> <span class=\"meta-nav\">&raquo;<\/span><\/a><\/p>\n","protected":false},"author":0,"featured_media":105,"comment_status":"open","ping_status":"open","sticky":false,"template":"","format":"standard","meta":{"_acf_changed":false,"ip_address":"","user_agent":"","level":"","revision":"","cookie_id":"","page_referer":"","html_form":"","footnotes":""},"categories":[3,2],"tags":[36,5],"acf":[],"_links":{"self":[{"href":"https:\/\/www.diocesidinuoro.it\/famiglia\/wp-json\/wp\/v2\/posts\/104"}],"collection":[{"href":"https:\/\/www.diocesidinuoro.it\/famiglia\/wp-json\/wp\/v2\/posts"}],"about":[{"href":"https:\/\/www.diocesidinuoro.it\/famiglia\/wp-json\/wp\/v2\/types\/post"}],"author":[{"embeddable":true,"href":"https:\/\/www.diocesidinuoro.it\/famiglia\/wp-json\/wp\/v2\/users\/3"}],"replies":[{"embeddable":true,"href":"https:\/\/www.diocesidinuoro.it\/famiglia\/wp-json\/wp\/v2\/comments?post=104"}],"version-history":[{"count":0,"href":"https:\/\/www.diocesidinuoro.it\/famiglia\/wp-json\/wp\/v2\/posts\/104\/revisions"}],"wp:featuredmedia":[{"embeddable":true,"href":"https:\/\/www.diocesidinuoro.it\/famiglia\/wp-json\/wp\/v2\/media\/105"}],"wp:attachment":[{"href":"https:\/\/www.diocesidinuoro.it\/famiglia\/wp-json\/wp\/v2\/media?parent=104"}],"wp:term":[{"taxonomy":"category","embeddable":true,"href":"https:\/\/www.diocesidinuoro.it\/famiglia\/wp-json\/wp\/v2\/categories?post=104"},{"taxonomy":"post_tag","embeddable":true,"href":"https:\/\/www.diocesidinuoro.it\/famiglia\/wp-json\/wp\/v2\/tags?post=104"}],"curies":[{"name":"wp","href":"https:\/\/api.w.org\/{rel}","templated":true}]}}