{"id":194,"date":"2022-12-07T13:43:28","date_gmt":"2022-12-07T12:43:28","guid":{"rendered":"https:\/\/www.diocesidinuoro.it\/famiglia\/?p=194"},"modified":"2022-12-07T13:43:28","modified_gmt":"2022-12-07T12:43:28","slug":"le-diocesi-di-lanusei-e-nuoro-a-sostegno-delle-famiglie","status":"publish","type":"post","link":"https:\/\/www.diocesidinuoro.it\/famiglia\/le-diocesi-di-lanusei-e-nuoro-a-sostegno-delle-famiglie\/","title":{"rendered":"Le diocesi di Lanusei e Nuoro a sostegno delle famiglie"},"content":{"rendered":"<p style=\"font-weight: 400\">Le diocesi di <strong>Lanusei<\/strong> e <strong>Nuoro<\/strong> invitano tutti coloro che sono interessati a un importante incontro formativo rivolto alle famiglie. <strong>Marted\u00ec 13 dicembre, dalle 18:30 alle 20:00<\/strong>, verr\u00e0 presentato il progetto interdiocesano <em>Famiglie nel cuore. L&#8217;amore pi\u00f9 forte delle fragilit\u00e0<\/em>, per il sostegno e l\u2019accompagnamento delle famiglie in situazioni di fragilit\u00e0. \u00c8 un&#8217;importante iniziativa portata avanti dai <strong>Servizi Caritas<\/strong> e dagli <strong>Uffici di Pastorale familiare<\/strong>, in collaborazione con <strong>CREAtiv<\/strong>, e che inizier\u00e0 da gennaio 2023.<\/p>\n<p style=\"font-weight: 400\">L\u2019incontro si svolger\u00e0 <strong>online tramite la piattaforma Zoom<\/strong> e la partecipazione \u00e8 assolutamente <strong>gratuita<\/strong>. Sar\u00e0 un meeting interattivo, piacevole e capace di fornire tanti strumenti utili nell&#8217;educazione dei figli e per la crescita della famiglia.\u00a0Per ricevere il link e collegarsi, \u00e8 necessario iscriversi all\u2019indirizzo <a href=\"https:\/\/airtable.com\/shrqP91IuAHn8Ufay\" target=\"_blank\" rel=\"noopener\">https:\/\/airtable.com\/shrqP91IuAHn8Ufay<\/a>\u00a0almeno 24 ore prima dell&#8217;evento.<\/p>\n<p style=\"font-weight: 400\">Seguiranno, prossimamente, ulteriori comunicazioni con maggiori dettagli per le prossime iniziative formative del progetto.<\/p>\n<p style=\"font-weight: 400\"><em>In evidenza, il volantino dell&#8217;iniziativa.<\/em><\/p>\n<p style=\"font-weight: 400\"><em>Per saperne di pi\u00f9, contattare il numero 3382592595<\/em><\/p>\n","protected":false},"excerpt":{"rendered":"<p>Le diocesi di Lanusei e Nuoro invitano tutti coloro che sono interessati a un importante incontro formativo rivolto alle famiglie. Marted\u00ec 13 dicembre, dalle 18:30 alle 20:00, verr\u00e0 presentato il progetto interdiocesano Famiglie nel cuore. L&#8217;amore pi\u00f9 forte delle fragilit\u00e0, per il sostegno e l\u2019accompagnamento delle famiglie in situazioni di fragilit\u00e0. \u00c8 un&#8217;importante iniziativa portata avanti dai Servizi Caritas e dagli Uffici di Pastorale familiare, &hellip; <a href=\"https:\/\/www.diocesidinuoro.it\/famiglia\/le-diocesi-di-lanusei-e-nuoro-a-sostegno-delle-famiglie\/\" class=\"more-link\">Continua a leggere <span class=\"screen-reader-text\"><\/span> <span class=\"meta-nav\">&raquo;<\/span><\/a><\/p>\n","protected":false},"author":0,"featured_media":195,"comment_status":"closed","ping_status":"closed","sticky":false,"template":"","format":"standard","meta":{"_acf_changed":false,"ip_address":"","user_agent":"","level":"","revision":"","cookie_id":"","page_referer":"","html_form":"","footnotes":""},"categories":[3,2],"tags":[47,48,10,46,45,5],"acf":[],"_links":{"self":[{"href":"https:\/\/www.diocesidinuoro.it\/famiglia\/wp-json\/wp\/v2\/posts\/194"}],"collection":[{"href":"https:\/\/www.diocesidinuoro.it\/famiglia\/wp-json\/wp\/v2\/posts"}],"about":[{"href":"https:\/\/www.diocesidinuoro.it\/famiglia\/wp-json\/wp\/v2\/types\/post"}],"author":[{"embeddable":true,"href":"https:\/\/www.diocesidinuoro.it\/famiglia\/wp-json\/wp\/v2\/users\/6"}],"replies":[{"embeddable":true,"href":"https:\/\/www.diocesidinuoro.it\/famiglia\/wp-json\/wp\/v2\/comments?post=194"}],"version-history":[{"count":1,"href":"https:\/\/www.diocesidinuoro.it\/famiglia\/wp-json\/wp\/v2\/posts\/194\/revisions"}],"predecessor-version":[{"id":196,"href":"https:\/\/www.diocesidinuoro.it\/famiglia\/wp-json\/wp\/v2\/posts\/194\/revisions\/196"}],"wp:featuredmedia":[{"embeddable":true,"href":"https:\/\/www.diocesidinuoro.it\/famiglia\/wp-json\/wp\/v2\/media\/195"}],"wp:attachment":[{"href":"https:\/\/www.diocesidinuoro.it\/famiglia\/wp-json\/wp\/v2\/media?parent=194"}],"wp:term":[{"taxonomy":"category","embeddable":true,"href":"https:\/\/www.diocesidinuoro.it\/famiglia\/wp-json\/wp\/v2\/categories?post=194"},{"taxonomy":"post_tag","embeddable":true,"href":"https:\/\/www.diocesidinuoro.it\/famiglia\/wp-json\/wp\/v2\/tags?post=194"}],"curies":[{"name":"wp","href":"https:\/\/api.w.org\/{rel}","templated":true}]}}