{"id":198,"date":"2022-12-21T17:23:30","date_gmt":"2022-12-21T16:23:30","guid":{"rendered":"https:\/\/www.diocesidinuoro.it\/famiglia\/?p=198"},"modified":"2023-01-08T17:21:54","modified_gmt":"2023-01-08T16:21:54","slug":"primo-incontro-del-progetto-famiglie-nel-cuore","status":"publish","type":"post","link":"https:\/\/www.diocesidinuoro.it\/famiglia\/primo-incontro-del-progetto-famiglie-nel-cuore\/","title":{"rendered":"Primo incontro del progetto \u00abFamiglie nel cuore\u00bb"},"content":{"rendered":"<p>Gli uffici per pastorale familiare e Caritas delle diocesi di Lanusei Nuoro presentano i dettagli del <strong>primo incontro in presenza<\/strong> del progetto <a href=\"https:\/\/www.diocesidinuoro.it\/famiglia\/le-diocesi-di-lanusei-e-nuoro-a-sostegno-delle-famiglie\/\"><em>Famiglie nel cuore. L&#8217;amore pi\u00f9 forte delle fragilit\u00e0<\/em><\/a>.<\/p>\n<p>L&#8217;appuntamento \u00e8 fissato per il <strong>1<span style=\"font-size: inherit\">5 gennaio 2023, dalle 10:00 alle 17:30, nella parrocchia Beata Maria Gabriella di\u00a0<\/span>Nuoro<\/strong>. \u00c8 aperto ai genitori, alle\u00a0famiglie con i loro figli dai 2 ai 12 anni e\u00a0agli\u00a0operatori educativi.<\/p>\n<p>Si tratta di un percorso\u00a0formativo e informativo\u00a0con l\u2019obiettivo di migliorare i contesti\u00a0familiari fornendo sia ai genitori che ai figli\u00a0conoscenze ed elementi concreti\u00a0nella gestione delle dinamiche relazionali all\u2019interno della famiglia,\u00a0valorizzando il positivo che \u00e8 presente in ciascuna famiglia. Sono in programma complessivamente sei incontri che si concluderanno ad aprile con l&#8217;obiettivo finale, nell\u2019autunno 2023, della creazione di un Servizio diocesano familiare di accompagnamento nelle fragilit\u00e0, utilizzando la rete delle Parrocchie.<\/p>\n<p>La giornata di domenica prevede un pranzo comunitario ed una festa finale tutti insieme.<\/p>\n<p>La partecipazione<strong> \u00e8 gratuita, ma occorre iscriversi entro l&#8217;11 gennaio<\/strong> qui a questo\u00a0link:\u00a0<a href=\"https:\/\/airtable.com\/shroe6vKm1eki6w8J\" target=\"_blank\" rel=\"noopener\">https:\/\/airtable.com\/shroe6vKm1eki6w8J<\/a><\/p>\n<p>Per saperne di pi\u00f9:<br \/>\n&#8211; Cell.\u00a0 3382592595: sr Pierina Careddu<br \/>\n&#8211; Cell.\u00a0 3479954935: Sandro e Maria Antonietta Pintore<br \/>\n&#8211; Mail: caritasdinuoro@gmail.com<br \/>\n&#8211; Web: www.diocesidinuoro.it\/ alla voce UFFICI<br \/>\n&#8211; Profili <a href=\"https:\/\/www.instagram.com\/famiglienelcuore\/\" target=\"_blank\" rel=\"noopener\">Instagram<\/a> e <a href=\"https:\/\/www.facebook.com\/famiglienelcuore\" target=\"_blank\" rel=\"noopener\">Facebook<\/a><\/p>\n<p>In allegato la\u00a0locandina\u00a0con informazioni relative al primo incontro e a\u00a0tutto il percorso.<\/p>\n<p><a href=\"https:\/\/www.diocesidinuoro.it\/famiglia\/wp-content\/uploads\/sites\/6\/2022\/12\/Locandina-_NUORO_MAIL-1.pdf\">Locandina _NUORO_MAIL (1)<\/a><\/p>\n<hr class=\"wpba_attachment_hr\"><div id='wpba_attachment_list' class='wpba wpba-wrap'>\n<ul class='wpba-attachment-list unstyled'><li id='wpba_attachment_list_199' class='wpba-list-item pull-left'><img src='https:\/\/www.diocesidinuoro.it\/famiglia\/wp-content\/themes\/wp-starter-so\/icons\/document.png' width='16' height='20' class='wpba-icon pull-left'><a href='https:\/\/www.diocesidinuoro.it\/famiglia\/wp-content\/uploads\/sites\/6\/2022\/12\/Locandina-_NUORO_MAIL-1.pdf' title='Locandina _NUORO_MAIL (1)' class='wpba-link pull-left' target=\"_blank\">Locandina _NUORO_MAIL (1)<\/a><\/li>\n<\/ul><\/div>\n","protected":false},"excerpt":{"rendered":"<p>Gli uffici per pastorale familiare e Caritas delle diocesi di Lanusei Nuoro presentano i dettagli del primo incontro in presenza del progetto Famiglie nel cuore. L&#8217;amore pi\u00f9 forte delle fragilit\u00e0. L&#8217;appuntamento \u00e8 fissato per il 15 gennaio 2023, dalle 10:00 alle 17:30, nella parrocchia Beata Maria Gabriella di\u00a0Nuoro. \u00c8 aperto ai genitori, alle\u00a0famiglie con i loro figli dai 2 ai 12 anni e\u00a0agli\u00a0operatori educativi. Si &hellip; <a href=\"https:\/\/www.diocesidinuoro.it\/famiglia\/primo-incontro-del-progetto-famiglie-nel-cuore\/\" class=\"more-link\">Continua a leggere <span class=\"screen-reader-text\"><\/span> <span class=\"meta-nav\">&raquo;<\/span><\/a><\/p>\n","protected":false},"author":0,"featured_media":202,"comment_status":"closed","ping_status":"closed","sticky":false,"template":"","format":"standard","meta":{"_acf_changed":false,"ip_address":"","user_agent":"","level":"","revision":"","cookie_id":"","page_referer":"","html_form":"","footnotes":""},"categories":[3,2],"tags":[47,49,46,45,5],"acf":[],"_links":{"self":[{"href":"https:\/\/www.diocesidinuoro.it\/famiglia\/wp-json\/wp\/v2\/posts\/198"}],"collection":[{"href":"https:\/\/www.diocesidinuoro.it\/famiglia\/wp-json\/wp\/v2\/posts"}],"about":[{"href":"https:\/\/www.diocesidinuoro.it\/famiglia\/wp-json\/wp\/v2\/types\/post"}],"author":[{"embeddable":true,"href":"https:\/\/www.diocesidinuoro.it\/famiglia\/wp-json\/wp\/v2\/users\/6"}],"replies":[{"embeddable":true,"href":"https:\/\/www.diocesidinuoro.it\/famiglia\/wp-json\/wp\/v2\/comments?post=198"}],"version-history":[{"count":2,"href":"https:\/\/www.diocesidinuoro.it\/famiglia\/wp-json\/wp\/v2\/posts\/198\/revisions"}],"predecessor-version":[{"id":203,"href":"https:\/\/www.diocesidinuoro.it\/famiglia\/wp-json\/wp\/v2\/posts\/198\/revisions\/203"}],"wp:featuredmedia":[{"embeddable":true,"href":"https:\/\/www.diocesidinuoro.it\/famiglia\/wp-json\/wp\/v2\/media\/202"}],"wp:attachment":[{"href":"https:\/\/www.diocesidinuoro.it\/famiglia\/wp-json\/wp\/v2\/media?parent=198"}],"wp:term":[{"taxonomy":"category","embeddable":true,"href":"https:\/\/www.diocesidinuoro.it\/famiglia\/wp-json\/wp\/v2\/categories?post=198"},{"taxonomy":"post_tag","embeddable":true,"href":"https:\/\/www.diocesidinuoro.it\/famiglia\/wp-json\/wp\/v2\/tags?post=198"}],"curies":[{"name":"wp","href":"https:\/\/api.w.org\/{rel}","templated":true}]}}