{"id":91,"date":"2014-06-06T22:00:00","date_gmt":"2014-06-06T20:00:00","guid":{"rendered":"https:\/\/www.diocesidinuoro.it\/giovani\/pentecoste-chiedere-dono-dellunita\/"},"modified":"2022-05-12T17:46:36","modified_gmt":"2022-05-12T15:46:36","slug":"pentecoste-chiedere-dono-dellunita","status":"publish","type":"post","link":"https:\/\/www.diocesidinuoro.it\/giovani\/pentecoste-chiedere-dono-dellunita\/","title":{"rendered":"Pentecoste: chiedere il dono dell&#8217;unit\u00e0"},"content":{"rendered":"<p style=\"text-align: justify\">Cosa significa chiedere allo <strong>Spirito Santo<\/strong> il <strong>dono dell&#8217;unit\u00e0<\/strong> se non riconoscere che <strong>siamo divisi<\/strong>? \u00abDivisi in noi stessi, nella nostra coscienza, divisi nelle famiglie, nelle comunit\u00e0 parrocchiali, divisi tra associazioni e movimenti, tra laici e sacerdoti, divisi tra sacerdoti. Si chiede un dono che non si ha, perch\u00e9 non \u00e8 nelle nostre capacit\u00e0 fare unit\u00e0 e perch\u00e9 dobbiamo riconoscere con verit\u00e0 che non viviamo la realt\u00e0 dell&#8217;unit\u00e0 e dell&#8217;amore\u00bb. \u00c8 stato questo il nodo centrale della riflessione del Vescovo nella sua omelia alla Veglia di Pentecoste celebrata in Cattedrale.<br \/>\n\u00abVeniamo da diverse parti della diocesi, della citt\u00e0, da diversi movimenti e associazioni &#8211; ha detto -, e tutti insieme siamo qui per pregare e chiedere con Maria il dono dello Spirito Santo, Dio Amore, chiediamo il dono dell&#8217;Amore che crea unit\u00e0, che crea la Chiesa, quell&#8217;amore necessario perch\u00e9 il mondo creda. Chiediamo la grazia &#8211; ha proseguito il Vescovo &#8211; della ricerca della via verso l&#8217;unit\u00e0, verso la verit\u00e0, verso l&#8217;essere Chiesa: <strong>vogliamo essere Chiesa<\/strong>\u00bb.<br \/>\nQual \u00e8 l&#8217;oggetto della nostra ricerca per vivere l&#8217;unit\u00e0? &#8211; si \u00e8 poi chiesto: \u00abuna sola persona \u00e8 unit\u00e0 e amore, <strong>Ges\u00f9<\/strong>; siamo nella realt\u00e0 della Pasqua, il frutto \u00e8 lo Spirito Santo che il Signore ci manda.<br \/>\nOgni progetto pastorale &#8211; ha sottolineato il Vescovo Mos\u00e8 -, ogni cammino parrocchiale, ogni progetto formativo nelle associazioni e movimenti, senza Ges\u00f9, senza la Pasqua, senza lo Spirito \u00e8 fallito in partenza e non pu\u00f2 essere Chiesa. Il modo di cercare questa unit\u00e0 da parte di tutti \u00e8 uno solo: <strong>la preghiera<\/strong>. Siamo qui stasera per pregare insieme, siamo venuti perch\u00e9 convocati da Lui, siamo trovati da Lui che ci guida e ci guarda\u00bb.<br \/>\nUn&#8217;ultima parola pensando alle Cresime che di l\u00ec a poco avrebbe amministrato \u00e8 stata: <strong>testimonianza<\/strong>. \u00abDobbiamo comunicare la Fede con una vita coerente &#8211; ha affermato -, non trasmettiamo idee ma testimoniamo una Persona, Ges\u00f9. L&#8217;unica testimonianza che possiamo dare \u00e8 vivere il Vangelo, nel suo amore, nella sua unit\u00e0\u00bb.<br \/>\nInfine ancora l&#8217;invito a coltivare tra noi la cultura dell&#8217;incontro, non dello scontro e delle frammentazioni. \u00abChiediamo insieme il dono dell&#8217;unit\u00e0 nelle diversit\u00e0 di ognuno. Intercedente Beata Maria Gabriella &#8211; ha concluso &#8211; chiediamo al Signore che ci doni <strong>l&#8217;armonia<\/strong> nella comunit\u00e0 diocesana, nelle parrocchie, nei nostri movimenti e associazioni, ci doni lo Spirito che \u00e8 Lui stesso armonia\u00bb.<br \/>\nPoco prima il Vangelo era risuonato in diverse lingue, lingue che si parlano nella nostra comunit\u00e0 diocesana, differenti ma che professano tutte la stessa Fede.<br \/>\nQuesta stessa idea ha infondo guidato la prima parte della serata, nelle vie del centro storico cittadino. I giovani e gli appartenenti alle <strong>associazioni e movimenti<\/strong> si sono ritrovati insieme per camminare uniti, ognuno con i propri canti, verso la Cattedrale passando per il Corso Garibaldi, accanto alle vetrine dei negozi, tra i tavolini dei bar, e fino ai giardini di Piazza Vittorio Emanuele. Una allegria contagiosa che non ha lasciato indifferenti le persone che, con gli occhi pieni di stupore, vedevano fluire il corteo. Una invasione di suoni e di voci, di volti giovani cos\u00ec diversi e cos\u00ec uguali. E i <strong>giovani<\/strong> sono stati protagonisti anche dell&#8217;animazione della Veglia nel modo che \u00e8 loro proprio, nel canto, nelle letture, dando vita con una coreografia alla lettura di Ezechiele, occupando fisicamente il presbiterio, accanto ai sacerdoti concelebranti, intorno al Vescovo. \u00c8 il segno che sanno essere protagonisti, che rappresentano un potenziale su cui contare senza timore. Anche questo \u00e8 un dono della Pentecoste.<\/p>\n<p>\u00a9 riproduzione riservata<\/p>\n<ul>\n<li><a href=\"https:\/\/www.diocesidinuoro.it\/audios\/omelia-veglia-pentecoste\/\">Ascolta l&#8217;omelia del Vescovo<\/a><\/li>\n<\/ul>\n<p>&nbsp;<\/p>\n<ul>\n<li>\n<h6>Guarda la fotogallery<\/h6>\n<\/li>\n<\/ul>\n<p>[Best_Wordpress_Gallery gallery_type=&#8221;thumbnails&#8221; theme_id=&#8221;1&#8243; gallery_id=&#8221;11&#8243; sort_by=&#8221;order&#8221; order_by=&#8221;asc&#8221; show_search_box=&#8221;0&#8243; search_box_width=&#8221;&#8221; image_column_number=&#8221;5&#8243; images_per_page=&#8221;16&#8243; image_title=&#8221;none&#8221; image_enable_page=&#8221;1&#8243; thumb_width=&#8221;180&#8243; thumb_height=&#8221;90&#8243; popup_fullscreen=&#8221;0&#8243; popup_autoplay=&#8221;0&#8243; popup_width=&#8221;800&#8243; popup_height=&#8221;500&#8243; popup_effect=&#8221;fade&#8221; popup_interval=&#8221;5&#8243; popup_enable_filmstrip=&#8221;1&#8243; popup_filmstrip_height=&#8221;70&#8243; popup_enable_ctrl_btn=&#8221;1&#8243; popup_enable_fullscreen=&#8221;1&#8243; popup_enable_info=&#8221;0&#8243; popup_enable_comment=&#8221;1&#8243; popup_enable_facebook=&#8221;1&#8243; popup_enable_twitter=&#8221;1&#8243; popup_enable_google=&#8221;1&#8243; popup_enable_pinterest=&#8221;0&#8243; popup_enable_tumblr=&#8221;0&#8243; watermark_type=&#8221;none&#8221; watermark_link=&#8221;http:\/\/web-dorado.com&#8221;]<\/p>\n","protected":false},"excerpt":{"rendered":"<p>Cosa significa chiedere allo Spirito Santo il dono dell&#8217;unit\u00e0 se non riconoscere che siamo divisi? \u00abDivisi in noi stessi, nella nostra coscienza, divisi nelle famiglie, nelle comunit\u00e0 parrocchiali, divisi tra associazioni e movimenti, tra laici e sacerdoti, divisi tra sacerdoti. Si chiede un dono che non si ha, perch\u00e9 non \u00e8 nelle nostre capacit\u00e0 fare unit\u00e0 e perch\u00e9 dobbiamo riconoscere con verit\u00e0 che non viviamo &hellip; <a href=\"https:\/\/www.diocesidinuoro.it\/giovani\/pentecoste-chiedere-dono-dellunita\/\" class=\"more-link\">Continua a leggere <span class=\"screen-reader-text\"><\/span> <span class=\"meta-nav\">&raquo;<\/span><\/a><\/p>\n","protected":false},"author":0,"featured_media":20,"comment_status":"closed","ping_status":"open","sticky":false,"template":"","format":"standard","meta":{"_acf_changed":false,"ip_address":"","user_agent":"","level":"","revision":"","cookie_id":"","page_referer":"","html_form":"","footnotes":""},"categories":[2,11,4,9,3],"tags":[12,13,14,10],"acf":[],"_links":{"self":[{"href":"https:\/\/www.diocesidinuoro.it\/giovani\/wp-json\/wp\/v2\/posts\/91"}],"collection":[{"href":"https:\/\/www.diocesidinuoro.it\/giovani\/wp-json\/wp\/v2\/posts"}],"about":[{"href":"https:\/\/www.diocesidinuoro.it\/giovani\/wp-json\/wp\/v2\/types\/post"}],"author":[{"embeddable":true,"href":"https:\/\/www.diocesidinuoro.it\/giovani\/wp-json\/wp\/v2\/users\/3"}],"replies":[{"embeddable":true,"href":"https:\/\/www.diocesidinuoro.it\/giovani\/wp-json\/wp\/v2\/comments?post=91"}],"version-history":[{"count":1,"href":"https:\/\/www.diocesidinuoro.it\/giovani\/wp-json\/wp\/v2\/posts\/91\/revisions"}],"predecessor-version":[{"id":116,"href":"https:\/\/www.diocesidinuoro.it\/giovani\/wp-json\/wp\/v2\/posts\/91\/revisions\/116"}],"wp:featuredmedia":[{"embeddable":true,"href":"https:\/\/www.diocesidinuoro.it\/giovani\/wp-json\/wp\/v2\/media\/20"}],"wp:attachment":[{"href":"https:\/\/www.diocesidinuoro.it\/giovani\/wp-json\/wp\/v2\/media?parent=91"}],"wp:term":[{"taxonomy":"category","embeddable":true,"href":"https:\/\/www.diocesidinuoro.it\/giovani\/wp-json\/wp\/v2\/categories?post=91"},{"taxonomy":"post_tag","embeddable":true,"href":"https:\/\/www.diocesidinuoro.it\/giovani\/wp-json\/wp\/v2\/tags?post=91"}],"curies":[{"name":"wp","href":"https:\/\/api.w.org\/{rel}","templated":true}]}}