{"id":93,"date":"2018-08-09T22:00:00","date_gmt":"2018-08-09T20:00:00","guid":{"rendered":"https:\/\/www.diocesidinuoro.it\/giovani\/bassetti-camminare-insieme-la-pedagogia-della-chiesa\/"},"modified":"2022-05-12T17:46:36","modified_gmt":"2022-05-12T15:46:36","slug":"bassetti-camminare-insieme-la-pedagogia-della-chiesa","status":"publish","type":"post","link":"https:\/\/www.diocesidinuoro.it\/giovani\/bassetti-camminare-insieme-la-pedagogia-della-chiesa\/","title":{"rendered":"Bassetti: \u00abCamminare insieme, la pedagogia della Chiesa\u00bb"},"content":{"rendered":"<p>\u201cSiamo qui per evocare un fatto che sta riguardando tutta la Penisola, invasa da un esercito pacifico\u201d. Con questa immagine il card. Gualtiero Bassetti, arcivescovo di Perugia-Citt\u00e0 della Pieve e presidente della Cei, ha descritto le decine di migliaia di giovani che, da tutte le diocesi italiane (195 su 226), stanno convergendo a Roma per la \u201cdue giorni\u201d di incontro con il Papa, in vista del Sinodo, al Circo Massimo e in piazza San Pietro. \u201cLa cosiddetta \u2018generazione Gmg\u2019, per certi versi, \u00e8 finita\u201d, ha detto don Michele Falabretti, responsabile del Servizio Cei per la pastorale giovanile (Snpg), esortando a non farsi prendere dalla \u201cdepressione pastorale\u201d: occorre \u201cfar evolvere quello che si \u00e8 vissuto nella Gmg, dargli forma e significato nuovi, trovare il modo di coinvolgere i territori e le Chiese locali\u201d. \u00c8 nato cos\u00ec l\u2019itinerario di preparazione dei pellegrinaggi delle diocesi italiane verso Roma, in modo da \u201cpregare insieme per il Sinodo\u201d.<br \/>\nBassetti ha concluso la conferenza stampa esprimendo, a nome della Chiesa italiana, \u201csgomento\u201d e \u201csdegno\u201d per gli incidenti avvenuti ieri in Puglia e a Bologna. \u201cOccorre fare giustizia\u201d, il grido del cardinale: \u201cGli esseri umani non possono vivere in tuguri come topi\u201d. \u201cIl popolo italiano non \u00e8 razzista\u201d, ha detto a margine ai giornalisti: \u00e8 solo impaurito, e la paura paralizza, trasforma l\u2019altro in un ostacolo o un nemico.<br \/>\n<strong>Una grande pedagogia.<\/strong> Il presidente della Cei ha definito la scelta della Chiesa italiana una \u201cgrande pedagogia\u201d. \u201cIl camminare insieme \u00e8 formativo per i ragazzi\u201d, ha spiegato a proposito dei pellegrinaggi che i giovani stanno compiendo in questi giorni dal Nord al Sud della Penisola. Pedagogica \u00e8 anche la modalit\u00e0 dei pellegrinaggi, che \u201cnon soltanto sono la visita ai luoghi, ma anche alle persone, ai santi del territorio, ai luoghi della sofferenza\u201d, ha fatto notare Bassetti. \u201cAnche tanti vescovi camminano con i giovani, in maglietta\u201d, ha aggiunto a proposito della presenza all\u2019incontro di 120 vescovi. \u201c\u00c8 il modo migliore per prepararsi al Sinodo\u201d, ha garantito il cardinale, sottolineando che l\u2019et\u00e0 dei ragazzi va dai 16 ai 29 anni. \u201cI giovani non sono un oggetto di cui la Chiesa si interessa, ma un soggetto vivo\u201d, ha puntualizzato sulla scia di quanto ha chiesto ai giovani Papa Francesco in vista dell\u2019importante appuntamento di ottobre: \u201cSaranno loro a dirci cosa vogliono dalla Chiesa\u201d, ha proseguito. \u201cGiovani e Chiesa devono sempre pi\u00f9 sentirsi alleati\u201d, l\u2019auspicio di Bassetti, che ha citato Paolo VI e l\u2019affinit\u00e0 da lui stabilita tra la Chiesa, sempre giovane grazie allo Spirito Santo, e i giovani. \u201cCi aspettiamo molto da questo incontro\u201d, ha concluso il presidente della Cei elogiando la \u201caccurata\u201d preparazione di questo evento in tutte le diocesi:\u00a0\u201cNon perch\u00e9 abbiamo voglia di contarci\u201d, ha precisato, \u201cma perch\u00e9 abbiamo voglia di ascoltare un messaggio fresco, dal Papa e dai giovani, che vanno verso una primavera della storia e dell\u2019umanit\u00e0. E noi ci andiamo con loro\u201d.<br \/>\n\u201cIl mondo attuale \u00e8 segnato dal soggettivismo, non dall\u2019incredulit\u00e0, e tutto questo soggettivismo porta a una visione di vita sganciata dalla fede\u201d. La \u201cscommessa grande\u201d, allora, \u201cper il Papa, per la Chiesa, per gli educatori \u00e8 riagganciare al soggettivismo le esigenze della fede\u201d. Bando al pessimismo: bisogna fare come Francesco, che \u201cnon ha una visione pessimistica, ma realistica dei ragazzi\u201d, che \u201cnon chiedono tante cose: chiedono di essere riconosciuti\u201d. \u201cE noi non siamo capaci di dare loro questo riconoscimento\u201d, la denuncia: \u201cCi sono tanti ragazzi che rimangono in un angolo, che stanno aspettando il loro turno, e forse il loro turno non arriva\u201d.<br \/>\n\u201cL\u2019Italia, cos\u00ec come \u00e8 ora, \u00e8 sempre meno un Paese per giovani\u201d. Interpellato sulle migrazioni, Bassetti ha fatto notare che oggi \u201csi fa fatica a trattenere i giovani\u201d. Nel nostro Paese, infatti, \u201csi stanno invertendo i tempi come nel passato, quando i nonni dei nostri ragazzi migravano per lavoro, poi c\u2019\u00e8 stata la generazione del benessere che ha caratterizzato i loro genitori. Adesso i giovani sono tornati a fare quello che facevano i loro nonni\u201d. L\u2019Italia, inoltre, \u00e8 diventato un Paese che \u201cfa fatica ad accogliere i migranti che vengono dal Sud del mondo spinti da guerra e povert\u00e0. Il fenomeno migratorio \u00e8 cos\u00ec complesso, strutturale e non emergenziale, che vede coinvolta non solo l\u2019Europa, ma tutto il mondo\u201d. Per l\u2019incontro dell\u201911 e del 12 agosto con il Papa, ha annunciato Falabretti, sono stati coinvolti anche i ragazzi migranti presenti sul nostro territorio.<br \/>\n<strong>Gli arrivi e il programma.<\/strong> Alcuni giovani che si sono messi in cammino arriveranno a Roma venerd\u00ec sera e dormiranno nelle parrocchie, ma la maggior parte arriver\u00e0 sabato mattina per convergere al Circo Massimo, aperto dalle 13. Alle 16.30, dopo la testimonianza e la musica dei \u201cThe Sun\u201d, \u00e8 previsto l\u2019arrivo di Papa Francesco, che far\u00e0 il giro dell\u2019area e salir\u00e0 sul palco, per un tempo di dialogo e di confronto \u201cbotta e risposta\u201d con i giovani, che presenteranno in gruppo al Papa le loro riflessioni. Alle 19.45 l\u2019inizio della Veglia per il Sinodo. Francesco lascer\u00e0 il Circo Massimo alle 20.30, subito dopo per i giovani ci sar\u00e0 lo spazio della cena. Alle 21.30 il momento di festa, che sar\u00e0 aperto dalla Banda Rulli Frulli che canteranno con i Perturbazione, poi i pi\u00f9 famosi Clementino, Alex Britti e Mirkoeilcane. Presenta Andrea Delogu. Subito dopo il concerto, la Notte bianca in 19 chiese romane, con confessioni, adorazione, incontri e scambi di riflessione. Domenica 12, piazza San Pietro sar\u00e0 aperta dall\u2019alba. Alle 9.30 la messa celebrata dal card. Bassetti, che terminer\u00e0 con l\u2019Angelus del Papa, atteso in piazza mezz\u2019ora prima. Al termine della preghiera mariana, Francesco benedir\u00e0 i doni che la Chiesa italiana fa a Panama per la prossima Gmg, in programma a gennaio del 2019. <strong>(M. Michela Nicolais)<\/strong><\/p>\n<p>\u00a9 Agenzia Sir<\/p>\n<p><a href=\"http:\/\/nuoro.webdiocesi.it\/giovani\/wp-content\/uploads\/sites\/5\/2022\/05\/giovaniPapaIncontro7ago2018_.jpg\" data-rel=\"lightbox-image-0\" data-rl_title=\"\" data-rl_caption=\"\" title=\"\"><img loading=\"lazy\" decoding=\"async\" class=\"aligncenter size-full wp-image-5114\" alt=\"giovaniPapaIncontro7ago2018_\" src=\"http:\/\/nuoro.webdiocesi.it\/giovani\/wp-content\/uploads\/sites\/5\/2022\/05\/giovaniPapaIncontro7ago2018_.jpg\" width=\"755\" height=\"491\" \/><\/a><\/p>\n","protected":false},"excerpt":{"rendered":"<p>\u201cSiamo qui per evocare un fatto che sta riguardando tutta la Penisola, invasa da un esercito pacifico\u201d. Con questa immagine il card. Gualtiero Bassetti, arcivescovo di Perugia-Citt\u00e0 della Pieve e presidente della Cei, ha descritto le decine di migliaia di giovani che, da tutte le diocesi italiane (195 su 226), stanno convergendo a Roma per la \u201cdue giorni\u201d di incontro con il Papa, in vista &hellip; <a href=\"https:\/\/www.diocesidinuoro.it\/giovani\/bassetti-camminare-insieme-la-pedagogia-della-chiesa\/\" class=\"more-link\">Continua a leggere <span class=\"screen-reader-text\"><\/span> <span class=\"meta-nav\">&raquo;<\/span><\/a><\/p>\n","protected":false},"author":0,"featured_media":25,"comment_status":"closed","ping_status":"open","sticky":false,"template":"","format":"standard","meta":{"_acf_changed":false,"ip_address":"","user_agent":"","level":"","revision":"","cookie_id":"","page_referer":"","html_form":"","footnotes":""},"categories":[4,3],"tags":[18,19,13,20,21,17],"acf":[],"_links":{"self":[{"href":"https:\/\/www.diocesidinuoro.it\/giovani\/wp-json\/wp\/v2\/posts\/93"}],"collection":[{"href":"https:\/\/www.diocesidinuoro.it\/giovani\/wp-json\/wp\/v2\/posts"}],"about":[{"href":"https:\/\/www.diocesidinuoro.it\/giovani\/wp-json\/wp\/v2\/types\/post"}],"author":[{"embeddable":true,"href":"https:\/\/www.diocesidinuoro.it\/giovani\/wp-json\/wp\/v2\/users\/3"}],"replies":[{"embeddable":true,"href":"https:\/\/www.diocesidinuoro.it\/giovani\/wp-json\/wp\/v2\/comments?post=93"}],"version-history":[{"count":1,"href":"https:\/\/www.diocesidinuoro.it\/giovani\/wp-json\/wp\/v2\/posts\/93\/revisions"}],"predecessor-version":[{"id":114,"href":"https:\/\/www.diocesidinuoro.it\/giovani\/wp-json\/wp\/v2\/posts\/93\/revisions\/114"}],"wp:featuredmedia":[{"embeddable":true,"href":"https:\/\/www.diocesidinuoro.it\/giovani\/wp-json\/wp\/v2\/media\/25"}],"wp:attachment":[{"href":"https:\/\/www.diocesidinuoro.it\/giovani\/wp-json\/wp\/v2\/media?parent=93"}],"wp:term":[{"taxonomy":"category","embeddable":true,"href":"https:\/\/www.diocesidinuoro.it\/giovani\/wp-json\/wp\/v2\/categories?post=93"},{"taxonomy":"post_tag","embeddable":true,"href":"https:\/\/www.diocesidinuoro.it\/giovani\/wp-json\/wp\/v2\/tags?post=93"}],"curies":[{"name":"wp","href":"https:\/\/api.w.org\/{rel}","templated":true}]}}