{"id":95,"date":"2018-08-12T22:00:00","date_gmt":"2018-08-12T20:00:00","guid":{"rendered":"https:\/\/www.diocesidinuoro.it\/giovani\/protagonisti-nel-bene\/"},"modified":"2022-05-12T17:46:36","modified_gmt":"2022-05-12T15:46:36","slug":"protagonisti-nel-bene","status":"publish","type":"post","link":"https:\/\/www.diocesidinuoro.it\/giovani\/protagonisti-nel-bene\/","title":{"rendered":"Protagonisti nel bene"},"content":{"rendered":"<p style=\"text-align: justify\">\u00abTappa finale di questa due giorni di incontro dei giovani italiani con Papa Francesco. Sveglia all&#8217;alba, dopo una notte bianca trascorsa tra le vie e le chiese di Roma e passeggiata mattutina verso piazza San Pietro che in poco tempo si riempie di 80mila giovani venuti a Roma da tutta Italia. Alle 9.30 la Santa Messa presieduta dal Cardinale Gualtiero Bassetti, presidente della Cei, intorno alle 11 Papa Francesco scende in piazza e inizia il suo lungo giro sulla papamobile, saluta, sorride, benedice, carico di suo e caricato dall&#8217;entusiasmo della piazza!\u00a0Belle le parole che rivolge all&#8217;inizio del suo saluto il Cardinal Bassetti, ancor pi\u00f9 belle quelle di risposta di Francesco he ci ha invitato a &#8220;non fare il male e fare il bene&#8221;.<br \/>\nNel pomeriggio piccolo tour della citt\u00e0 e di sera si rientra nell&#8217;Isola, forse un po&#8217; stanchi ma certamente arricchiti da questa esperienza che ciascuno di noi conserver\u00e0 gelosamente nel proprio cuore!\u00bb.<br \/>\nCos\u00ec, come in una pagina di diario affidata a whatsapp, Pietro Moro riassume l&#8217;emozione della giornata conclusiva del pellegrinaggio dei giovani nuoresi a Roma per l&#8217;incontro con Papa Francesco al Circo Massimo prima e in piazza San Pietro poi in vista del Sinodo di ottobre. Un pellegrinaggio reso possibile anche grazia alla collaborazione di don Roberto, don Piergvino, don Alessandro e suor Antonella.<br \/>\nNel servizio dell&#8217;agenzia Sir le parole del Papa all&#8217;Angelus in piazza San Pietro.<\/p>\n<p style=\"text-align: justify\">\u201cNon basta non fare il male per essere un buon cristiano; \u00e8 necessario aderire al bene e fare il bene\u201d. Lo ha ribadito il Papa, che durante l\u2019Angelus di oggi, eccezionalmente in piazza San Pietro in onore dei giovani italiani, ha affidato alla folla straripante di circa 90mila fedeli le parole di San Paolo: \u201cSiate invece benevoli gli uni verso gli altri, misericordiosi, perdonandovi a vicenda come Dio ha perdonato a voi in Cristo\u201d. \u201cTante volte \u2013 ha raccontato Francesco \u2013 capita di sentire alcuni che dicono: \u2018Io non faccio del male a nessuno\u2019. E si crede di essere un santo. D\u2019accordo, ma il bene lo fai? Quante persone non fanno male, ma nemmeno il bene, e la loro vita scorre nell\u2019indifferenza, nell\u2019apatia, nella tiepidezza. Questo atteggiamento \u00e8 contrario al Vangelo, ed \u00e8 contrario anche all\u2019indole di voi giovani, che per natura siete dinamici, appassionati e coraggiosi\u201d. \u201cRicordate questo, possiamo ripeterlo insieme\u201d, ha poi proseguito a braccio: \u201c\u00c8 bene non fare il male, ma \u00e8 male non fare il bene. Questo lo diceva sant\u2019Alberto Hurtado\u201d.<br \/>\n\u201cOggi vi esorto a essere protagonisti nel bene!\u201d, l\u2019invito del Papa: \u201cNon sentitevi a posto quando non fate il male, non basta: ognuno \u00e8 colpevole del bene che poteva fare e non ha fatto. Non basta non odiare, bisogna perdonare; non basta non avere rancore, bisogna pregare per i nemici; non basta non essere causa di divisione, bisogna portare pace dove non c\u2019\u00e8; non basta non parlare male degli altri, bisogna interrompere quando sentiamo parlar male di qualcuno. Fermare il chiacchiericcio. Questo \u00e8 fare il bene\u201d. \u201cSe non ci opponiamo al male, lo alimentiamo in modo tacito. \u00c8 necessario intervenire dove il male si diffonde; perch\u00e9 il male si diffonde dove mancano cristiani audaci che si oppongono con il bene, camminando nella carit\u00e0\u201d. \u201cCari giovani, in questi giorni avete camminato molto! Perci\u00f2 siete allenati e posso dirvi: camminate nella carit\u00e0! Camminate nell\u2019amore. Camminiamo insieme verso il prossimo Sinodo\u201d, l\u2019appello finale: \u201cLa Vergine Maria ci sostenga con la sua materna intercessione, perch\u00e9 ciascuno di noi, ogni giorno, con i fatti, possa dire no al male e s\u00ec al bene\u201d.<\/p>\n<p style=\"text-align: justify\">\u00a9 riproduzione riservata<\/p>\n<ul>\n<li><a title=\"#permillestrade\" href=\"https:\/\/www.diocesidinuoro.it\/permillestrade\/\" target=\"_blank\" rel=\"noopener\">Il pellegrinaggio<\/a><\/li>\n<li><a title=\"Siamo qui, senza paura\" href=\"https:\/\/www.diocesidinuoro.it\/siamo-qui-senza-paura\/\" target=\"_blank\" rel=\"noopener\">L&#8217;incontro al Circo Massimo<\/a><\/li>\n<\/ul>\n","protected":false},"excerpt":{"rendered":"<p>\u00abTappa finale di questa due giorni di incontro dei giovani italiani con Papa Francesco. Sveglia all&#8217;alba, dopo una notte bianca trascorsa tra le vie e le chiese di Roma e passeggiata mattutina verso piazza San Pietro che in poco tempo si riempie di 80mila giovani venuti a Roma da tutta Italia. Alle 9.30 la Santa Messa presieduta dal Cardinale Gualtiero Bassetti, presidente della Cei, intorno &hellip; <a href=\"https:\/\/www.diocesidinuoro.it\/giovani\/protagonisti-nel-bene\/\" class=\"more-link\">Continua a leggere <span class=\"screen-reader-text\"><\/span> <span class=\"meta-nav\">&raquo;<\/span><\/a><\/p>\n","protected":false},"author":0,"featured_media":30,"comment_status":"closed","ping_status":"open","sticky":false,"template":"","format":"standard","meta":{"_acf_changed":false,"ip_address":"","user_agent":"","level":"","revision":"","cookie_id":"","page_referer":"","html_form":"","footnotes":""},"categories":[4,3],"tags":[23,17],"acf":[],"_links":{"self":[{"href":"https:\/\/www.diocesidinuoro.it\/giovani\/wp-json\/wp\/v2\/posts\/95"}],"collection":[{"href":"https:\/\/www.diocesidinuoro.it\/giovani\/wp-json\/wp\/v2\/posts"}],"about":[{"href":"https:\/\/www.diocesidinuoro.it\/giovani\/wp-json\/wp\/v2\/types\/post"}],"author":[{"embeddable":true,"href":"https:\/\/www.diocesidinuoro.it\/giovani\/wp-json\/wp\/v2\/users\/3"}],"replies":[{"embeddable":true,"href":"https:\/\/www.diocesidinuoro.it\/giovani\/wp-json\/wp\/v2\/comments?post=95"}],"version-history":[{"count":1,"href":"https:\/\/www.diocesidinuoro.it\/giovani\/wp-json\/wp\/v2\/posts\/95\/revisions"}],"predecessor-version":[{"id":112,"href":"https:\/\/www.diocesidinuoro.it\/giovani\/wp-json\/wp\/v2\/posts\/95\/revisions\/112"}],"wp:featuredmedia":[{"embeddable":true,"href":"https:\/\/www.diocesidinuoro.it\/giovani\/wp-json\/wp\/v2\/media\/30"}],"wp:attachment":[{"href":"https:\/\/www.diocesidinuoro.it\/giovani\/wp-json\/wp\/v2\/media?parent=95"}],"wp:term":[{"taxonomy":"category","embeddable":true,"href":"https:\/\/www.diocesidinuoro.it\/giovani\/wp-json\/wp\/v2\/categories?post=95"},{"taxonomy":"post_tag","embeddable":true,"href":"https:\/\/www.diocesidinuoro.it\/giovani\/wp-json\/wp\/v2\/tags?post=95"}],"curies":[{"name":"wp","href":"https:\/\/api.w.org\/{rel}","templated":true}]}}