{"id":29,"date":"2020-11-11T23:00:00","date_gmt":"2020-11-11T22:00:00","guid":{"rendered":"https:\/\/www.diocesidinuoro.it\/irc\/la-giornata-per-poveri-nelle-scuole\/"},"modified":"2020-11-11T23:00:00","modified_gmt":"2020-11-11T22:00:00","slug":"la-giornata-per-poveri-nelle-scuole","status":"publish","type":"post","link":"https:\/\/www.diocesidinuoro.it\/irc\/la-giornata-per-poveri-nelle-scuole\/","title":{"rendered":"La Giornata per i poveri nelle scuole"},"content":{"rendered":"<p>Da quando Papa Francesco ha promosso la <em>Giornata mondiale per i poveri<\/em>, l&#8217;Ufficio Caritas e l&#8217;Ufficio scuola per l&#8217;insegnamento della religione cattolica della diocesi hanno coinvolto gli insegnanti e gli alunni delle superiori per promuovere iniziative di riflessione e crescita umana intorno al tema della solidariet\u00e0 verso i pi\u00f9 bisognosi.<\/p>\n<p>Anche quest&#8217;anno, in vista del 15 novembre, a nome del Vescovo Antonello, \u00e8 stata inviata una lettera indirizzata ai dirigenti scolastici locali e al personale docente, affinch\u00e9 i giovani sappiano &#8220;tendere le proprie mani&#8221; creando\u00a0azioni vere e concrete a sostegno di chi vive in situazioni di povert\u00e0, materiale o spirituale, di malattia o di emarginazione, soprattutto davanti al perdurare\u00a0della\u00a0pandemia\u00a0ancora\u00a0in\u00a0corso che\u00a0ha\u00a0duramente\u00a0colpito\u00a0tutto\u00a0il paese.<\/p>\n<p>&nbsp;<\/p>\n<p><em>[foto dal web]<\/em><\/p>\n","protected":false},"excerpt":{"rendered":"<p>Da quando Papa Francesco ha promosso la Giornata mondiale per i poveri, l&#8217;Ufficio Caritas e l&#8217;Ufficio scuola per l&#8217;insegnamento della religione cattolica della diocesi hanno coinvolto gli insegnanti e gli alunni delle superiori per promuovere iniziative di riflessione e crescita umana intorno al tema della solidariet\u00e0 verso i pi\u00f9 bisognosi. Anche quest&#8217;anno, in vista del 15 novembre, a nome del Vescovo Antonello, \u00e8 stata inviata &hellip; <a href=\"https:\/\/www.diocesidinuoro.it\/irc\/la-giornata-per-poveri-nelle-scuole\/\" class=\"more-link\">Continua a leggere <span class=\"screen-reader-text\"><\/span> <span class=\"meta-nav\">&raquo;<\/span><\/a><\/p>\n","protected":false},"author":0,"featured_media":30,"comment_status":"open","ping_status":"open","sticky":false,"template":"","format":"standard","meta":{"_acf_changed":false,"ip_address":"","user_agent":"","level":"","revision":"","cookie_id":"","page_referer":"","html_form":"","footnotes":""},"categories":[11,3,2],"tags":[],"acf":[],"_links":{"self":[{"href":"https:\/\/www.diocesidinuoro.it\/irc\/wp-json\/wp\/v2\/posts\/29"}],"collection":[{"href":"https:\/\/www.diocesidinuoro.it\/irc\/wp-json\/wp\/v2\/posts"}],"about":[{"href":"https:\/\/www.diocesidinuoro.it\/irc\/wp-json\/wp\/v2\/types\/post"}],"author":[{"embeddable":true,"href":"https:\/\/www.diocesidinuoro.it\/irc\/wp-json\/wp\/v2\/users\/3"}],"replies":[{"embeddable":true,"href":"https:\/\/www.diocesidinuoro.it\/irc\/wp-json\/wp\/v2\/comments?post=29"}],"version-history":[{"count":0,"href":"https:\/\/www.diocesidinuoro.it\/irc\/wp-json\/wp\/v2\/posts\/29\/revisions"}],"wp:featuredmedia":[{"embeddable":true,"href":"https:\/\/www.diocesidinuoro.it\/irc\/wp-json\/wp\/v2\/media\/30"}],"wp:attachment":[{"href":"https:\/\/www.diocesidinuoro.it\/irc\/wp-json\/wp\/v2\/media?parent=29"}],"wp:term":[{"taxonomy":"category","embeddable":true,"href":"https:\/\/www.diocesidinuoro.it\/irc\/wp-json\/wp\/v2\/categories?post=29"},{"taxonomy":"post_tag","embeddable":true,"href":"https:\/\/www.diocesidinuoro.it\/irc\/wp-json\/wp\/v2\/tags?post=29"}],"curies":[{"name":"wp","href":"https:\/\/api.w.org\/{rel}","templated":true}]}}