{"id":156,"date":"2025-01-25T09:33:14","date_gmt":"2025-01-25T08:33:14","guid":{"rendered":"https:\/\/www.diocesidinuoro.it\/salute\/?p=156"},"modified":"2026-01-31T19:16:26","modified_gmt":"2026-01-31T18:16:26","slug":"giornata-mondiale-del-malato-2025","status":"publish","type":"post","link":"https:\/\/www.diocesidinuoro.it\/salute\/giornata-mondiale-del-malato-2025\/","title":{"rendered":"Giornata mondiale del malato 2025"},"content":{"rendered":"<h3><strong>\u00abLa speranza poi non delude, perch\u00e9 l\u2019amore di Dio \u00e8 stato riversato <\/strong><strong>nei nostri cuori per mezzo dello Spirito Santo che ci \u00e8 stato dato\u00bb<br \/>\n<\/strong><sub>(<em>Rm<\/em> 5,5)<\/sub><\/h3>\n<p>&nbsp;<\/p>\n<p>L&#8217;11 febbraio 2025 ricorre la 33.ma Giornata mondiale del malato. Fu San Giovanni Paolo II ad istituirla, nella ricorrenza dell\u2019apparizione della Madonna a Lourdes.<br \/>\nDi seguito le proposte della Diocesi<\/p>\n<ul>\n<li>Nell&#8217;occasione, <strong>marted\u00ec 11 febbraio<\/strong>, il Vescovo Antonello presieder\u00e0 la <strong>Santa Messa alle ore 16<\/strong> nella chiesa parrocchiale del <strong>Sacro Cuore<\/strong> di Ges\u00f9 a Nuoro.<\/li>\n<li>Venerd\u00ec <strong>7 febbraio alle ore 16.45<\/strong> presso la cappella dell&#8217;<strong>ospedale San Francesco di Nuoro<\/strong> avr\u00e0 luogo l&#8217;iniziativa dal titolo <strong>\u201cInvece un samaritano\u201d<\/strong>, preghiera di ringraziamento per i curanti in comunione con le cappelle ospedaliere d\u2019Italia. Prevista la possibilit\u00e0 di partecipare anche a distanza attraverso Radio Mater oppure You tube.<\/li>\n<\/ul>\n<p><img loading=\"lazy\" decoding=\"async\" class=\"alignnone size-medium wp-image-219\" src=\"https:\/\/www.diocesidinuoro.it\/salute\/wp-content\/uploads\/sites\/7\/2025\/01\/locandina-nuoro-212x300.png\" alt=\"\" width=\"212\" height=\"300\" srcset=\"https:\/\/www.diocesidinuoro.it\/salute\/wp-content\/uploads\/sites\/7\/2025\/01\/locandina-nuoro-212x300.png 212w, https:\/\/www.diocesidinuoro.it\/salute\/wp-content\/uploads\/sites\/7\/2025\/01\/locandina-nuoro-724x1024.png 724w, https:\/\/www.diocesidinuoro.it\/salute\/wp-content\/uploads\/sites\/7\/2025\/01\/locandina-nuoro-768x1086.png 768w, https:\/\/www.diocesidinuoro.it\/salute\/wp-content\/uploads\/sites\/7\/2025\/01\/locandina-nuoro-1086x1536.png 1086w, https:\/\/www.diocesidinuoro.it\/salute\/wp-content\/uploads\/sites\/7\/2025\/01\/locandina-nuoro-600x849.png 600w, https:\/\/www.diocesidinuoro.it\/salute\/wp-content\/uploads\/sites\/7\/2025\/01\/locandina-nuoro-1200x1697.png 1200w, https:\/\/www.diocesidinuoro.it\/salute\/wp-content\/uploads\/sites\/7\/2025\/01\/locandina-nuoro-800x1132.png 800w, https:\/\/www.diocesidinuoro.it\/salute\/wp-content\/uploads\/sites\/7\/2025\/01\/locandina-nuoro.png 1414w\" sizes=\"(max-width: 212px) 100vw, 212px\" \/><\/p>\n<ul>\n<li>Come gesto concreto di carit\u00e0 durante la settimana della giornata mondiale del malato <strong>si propone di far visita ad un malato<\/strong>.<\/li>\n<li>Uno sguardo verso coloro che affrontano la malattia in paesi che vivono costantemente la dimensione della povert\u00e0 e spesso dell\u2019emarginazione provocata dalla malattia. Essere malati e non avere accesso alle cure costituisce una doppia condanna. Si propone di <strong>devolvere le offerte della Santa Messa della giornata del malato che si svolger\u00e0 a Nuoro ad un missionario<\/strong> che quest&#8217;anno \u00e8 stato individuato nella persona di <strong>don Luciano Ibba<\/strong>, attualmente in Per\u00f9.<\/li>\n<\/ul>\n<p>Per coloro che volessero contribuire con un\u2019offerta \u00e8 possibile inviare un bonifico entro il 15\/03\/2023 intestato a:<br \/>\nDiocesi di Nuoro<br \/>\nBanca: UNICREDIT SPA<br \/>\nIBAN: IT34N0200817302000004299287<br \/>\nCausale: Missione di don Luciano Ibba<\/p>\n<p style=\"text-align: center;\">***<\/p>\n<ul>\n<li>Per il secondo anno Gli Uffici diocesani di Pastorale della Salute e catechistico propongono il <strong>concorso<\/strong> per gruppi di catechismo<\/li>\n<\/ul>\n<p style=\"text-align: center;\"><strong><em>\u201cE ti vengo a cercare\u2026\u201d\u00a0 <\/em><\/strong><strong><em>Visita a una persona ammalata<\/em><\/strong><\/p>\n<p>Nel tempo attuale la realt\u00e0 della malattia e della sofferenza viene spesso tenuta da parte, quasi che possa intaccare il mito di una vita dominata dalla bellezza e dall\u2019eterna giovinezza. In questo contesto \u00e8 difficile per i bambini e per i ragazzi, prendere atto che questa realt\u00e0 \u00e8 un aspetto della vita con la quale confrontarsi.<\/p>\n<p>Lo scopo del Concorso \u00e8 quello di far apprezzare il DONO della vita anche quando non \u00e8 \u201ccos\u00ec perfetta\u201d come vorremmo. Nel 2025, anno Giubilare, si vuole inoltre proporre anche ai bambini e ai ragazzi di essere Pellegrini di Speranza, recandosi in visita a coloro che attraversano momenti \u201cfaticosi\u201d della loro esistenza.<\/p>\n<p><strong>Due Sezioni<\/strong><\/p>\n<p>Il Concorso non riguarda i singoli, ma i gruppi di catechismo. Sono previste <strong>due sezioni<\/strong>, una per i ragazzi della <strong>scuola media<\/strong> e una per i bambini della <strong>scuola elementare<\/strong>.<\/p>\n<p><strong>Tempi <\/strong><\/p>\n<p>Entro il 15 aprile 2025 gli elaborati vanno inviati all\u2019indirizzo <strong><em>svescovile@gmail.com<\/em><\/strong><em>; <\/em>qualora gli elaborati fossero cartacei (es. cartellone, giornalino\u2026) possono essere indirizzati alla <strong>Curia Vescovile, Piazza Santa Maria della Neve \u2013 08100 Nuoro.<\/strong><\/p>\n<p><strong>Modalit\u00e0<\/strong><\/p>\n<p>Il gruppo di catechismo riporter\u00e0, attraverso un elaborato scritto o scenico (filmato), l\u2019esperienza vissuta. Dovr\u00e0 inoltre emergere quanto il gruppo \u00e8 stato coinvolto e come l\u2019esperienza \u00e8 diventata occasione di dialogo e di preghiera. Pi\u00f9 specificatamente l\u2019elaborato dovr\u00e0 seguire i <strong>seguenti criteri<\/strong>, a scelta: <strong>un testo scritto<\/strong> (ad es. relazione, poesia, giornalino o cartellone); oppure un <strong>elaborato scenico, <\/strong>presentato come video, che faccia emergere l\u2019esperienza fatta insieme ai commenti dei ragazzi.<\/p>\n<p><strong>Premi<\/strong><\/p>\n<p>Il premio (uno per ogni sezione) consiste in un buono di euro 1000,00 (mille\/00), che potr\u00e0 essere utilizzato per attivit\u00e0 formative ed educative per i ragazzi che hanno partecipato.<\/p>\n<p>Nel rispetto della legge sulla privacy ci si riserva di poter pubblicare gli elaborati sulla stampa diocesana.<\/p>\n<hr class=\"wpba_attachment_hr\"><div id='wpba_attachment_list' class='wpba wpba-wrap'>\n<ul class='wpba-attachment-list unstyled'><li id='wpba_attachment_list_209' class='wpba-list-item pull-left'><img src='https:\/\/www.diocesidinuoro.it\/salute\/wp-content\/themes\/wp-starter-so\/icons\/document.png' width='16' height='20' class='wpba-icon pull-left'><a href='https:\/\/www.diocesidinuoro.it\/salute\/wp-content\/uploads\/sites\/7\/2025\/01\/20250114-giornata-malato.pdf' title='Il Messaggio del Papa' class='wpba-link pull-left' target=\"_blank\">Il Messaggio del Papa<\/a><\/li>\n<li id='wpba_attachment_list_162' class='wpba-list-item pull-left'><img src='https:\/\/www.diocesidinuoro.it\/salute\/wp-content\/themes\/wp-starter-so\/icons\/document.png' width='16' height='20' class='wpba-icon pull-left'><a href='https:\/\/www.diocesidinuoro.it\/salute\/wp-content\/uploads\/sites\/7\/2025\/01\/GMM25_Locandina24x32_stampa.pdf' title='La locandina 2025' class='wpba-link pull-left' target=\"_blank\">La locandina 2025<\/a><\/li>\n<li id='wpba_attachment_list_160' class='wpba-list-item pull-left'><img src='https:\/\/www.diocesidinuoro.it\/salute\/wp-content\/themes\/wp-starter-so\/icons\/document.png' width='16' height='20' class='wpba-icon pull-left'><a href='https:\/\/www.diocesidinuoro.it\/salute\/wp-content\/uploads\/sites\/7\/2025\/01\/250211_GMM25_SchedaLiturgica_A5.pdf' title='Scheda liturgica' class='wpba-link pull-left' target=\"_blank\">Scheda liturgica<\/a><\/li>\n<li id='wpba_attachment_list_159' class='wpba-list-item pull-left'><img src='https:\/\/www.diocesidinuoro.it\/salute\/wp-content\/themes\/wp-starter-so\/icons\/document.png' width='16' height='20' class='wpba-icon pull-left'><a href='https:\/\/www.diocesidinuoro.it\/salute\/wp-content\/uploads\/sites\/7\/2025\/01\/250211_GMM25_SchedaTeologica_A5.pdf' title='Scheda teologica' class='wpba-link pull-left' target=\"_blank\">Scheda teologica<\/a><\/li>\n<li id='wpba_attachment_list_158' class='wpba-list-item pull-left'><img src='https:\/\/www.diocesidinuoro.it\/salute\/wp-content\/themes\/wp-starter-so\/icons\/document.png' width='16' height='20' class='wpba-icon pull-left'><a href='https:\/\/www.diocesidinuoro.it\/salute\/wp-content\/uploads\/sites\/7\/2025\/01\/250211_GMM25_cartolina9x14__ita.pdf' title='Preghiera' class='wpba-link pull-left' target=\"_blank\">Preghiera<\/a><\/li>\n<\/ul><\/div>\n","protected":false},"excerpt":{"rendered":"<p>\u00abLa speranza poi non delude, perch\u00e9 l\u2019amore di Dio \u00e8 stato riversato nei nostri cuori per mezzo dello Spirito Santo che ci \u00e8 stato dato\u00bb (Rm 5,5) &nbsp; L&#8217;11 febbraio 2025 ricorre la 33.ma Giornata mondiale del malato. Fu San Giovanni Paolo II ad istituirla, nella ricorrenza dell\u2019apparizione della Madonna a Lourdes. Di seguito le proposte della Diocesi Nell&#8217;occasione, marted\u00ec 11 febbraio, il Vescovo Antonello &hellip; <a href=\"https:\/\/www.diocesidinuoro.it\/salute\/giornata-mondiale-del-malato-2025\/\" class=\"more-link\">Continua a leggere <span class=\"screen-reader-text\"><\/span> <span class=\"meta-nav\">&raquo;<\/span><\/a><\/p>\n","protected":false},"author":0,"featured_media":157,"comment_status":"closed","ping_status":"closed","sticky":false,"template":"","format":"standard","meta":{"_acf_changed":false,"ip_address":"","user_agent":"","level":"","revision":"","cookie_id":"","page_referer":"","html_form":"","footnotes":""},"categories":[3,2],"tags":[],"acf":[],"_links":{"self":[{"href":"https:\/\/www.diocesidinuoro.it\/salute\/wp-json\/wp\/v2\/posts\/156"}],"collection":[{"href":"https:\/\/www.diocesidinuoro.it\/salute\/wp-json\/wp\/v2\/posts"}],"about":[{"href":"https:\/\/www.diocesidinuoro.it\/salute\/wp-json\/wp\/v2\/types\/post"}],"author":[{"embeddable":true,"href":"https:\/\/www.diocesidinuoro.it\/salute\/wp-json\/wp\/v2\/users\/7"}],"replies":[{"embeddable":true,"href":"https:\/\/www.diocesidinuoro.it\/salute\/wp-json\/wp\/v2\/comments?post=156"}],"version-history":[{"count":7,"href":"https:\/\/www.diocesidinuoro.it\/salute\/wp-json\/wp\/v2\/posts\/156\/revisions"}],"predecessor-version":[{"id":298,"href":"https:\/\/www.diocesidinuoro.it\/salute\/wp-json\/wp\/v2\/posts\/156\/revisions\/298"}],"wp:featuredmedia":[{"embeddable":true,"href":"https:\/\/www.diocesidinuoro.it\/salute\/wp-json\/wp\/v2\/media\/157"}],"wp:attachment":[{"href":"https:\/\/www.diocesidinuoro.it\/salute\/wp-json\/wp\/v2\/media?parent=156"}],"wp:term":[{"taxonomy":"category","embeddable":true,"href":"https:\/\/www.diocesidinuoro.it\/salute\/wp-json\/wp\/v2\/categories?post=156"},{"taxonomy":"post_tag","embeddable":true,"href":"https:\/\/www.diocesidinuoro.it\/salute\/wp-json\/wp\/v2\/tags?post=156"}],"curies":[{"name":"wp","href":"https:\/\/api.w.org\/{rel}","templated":true}]}}