{"id":19,"date":"2019-04-07T22:00:00","date_gmt":"2019-04-07T20:00:00","guid":{"rendered":"https:\/\/www.diocesidinuoro.it\/salute\/don-massimo-angelelli-nuoro\/"},"modified":"2023-02-20T18:07:37","modified_gmt":"2023-02-20T17:07:37","slug":"don-massimo-angelelli-nuoro","status":"publish","type":"post","link":"https:\/\/www.diocesidinuoro.it\/salute\/don-massimo-angelelli-nuoro\/","title":{"rendered":"Don Massimo Angelelli a Nuoro"},"content":{"rendered":"<p style=\"text-align: justify\">Venerd\u00ec 26 aprile alle ore 18 presso la parrocchia di San Giovanni Battista in Nuoro\u00a0don Massimo Angelelli, direttore dell\u2019Ufficio nazionale della Pastorale della Salute della Cei, terr\u00e0 una conversazione sul tema \u201cLa parrocchia e la pastorale della salute\u201d. Dopo l\u2019esposizione seguir\u00e0 ampio dibattito, chiunque \u00e8 interessato al tema \u00e8 invitato a partecipare. L\u2019incontro \u00e8 organizzato dall\u2019Ufficio diocesano di Pastorale della Salute guidato da don Antonio Sedda in collaborazione con la Caritas diocesana e l\u2019Ufficio liturgico.<\/p>\n<p>&nbsp;<\/p>\n","protected":false},"excerpt":{"rendered":"<p>Venerd\u00ec 26 aprile alle ore 18 presso la parrocchia di San Giovanni Battista in Nuoro\u00a0don Massimo Angelelli, direttore dell\u2019Ufficio nazionale della Pastorale della Salute della Cei, terr\u00e0 una conversazione sul tema \u201cLa parrocchia e la pastorale della salute\u201d. Dopo l\u2019esposizione seguir\u00e0 ampio dibattito, chiunque \u00e8 interessato al tema \u00e8 invitato a partecipare. L\u2019incontro \u00e8 organizzato dall\u2019Ufficio diocesano di Pastorale della Salute guidato da don Antonio &hellip; <a href=\"https:\/\/www.diocesidinuoro.it\/salute\/don-massimo-angelelli-nuoro\/\" class=\"more-link\">Continua a leggere <span class=\"screen-reader-text\"><\/span> <span class=\"meta-nav\">&raquo;<\/span><\/a><\/p>\n","protected":false},"author":0,"featured_media":20,"comment_status":"closed","ping_status":"open","sticky":false,"template":"","format":"standard","meta":{"_acf_changed":false,"ip_address":"","user_agent":"","level":"","revision":"","cookie_id":"","page_referer":"","html_form":"","footnotes":""},"categories":[3,2],"tags":[4],"acf":[],"_links":{"self":[{"href":"https:\/\/www.diocesidinuoro.it\/salute\/wp-json\/wp\/v2\/posts\/19"}],"collection":[{"href":"https:\/\/www.diocesidinuoro.it\/salute\/wp-json\/wp\/v2\/posts"}],"about":[{"href":"https:\/\/www.diocesidinuoro.it\/salute\/wp-json\/wp\/v2\/types\/post"}],"author":[{"embeddable":true,"href":"https:\/\/www.diocesidinuoro.it\/salute\/wp-json\/wp\/v2\/users\/3"}],"replies":[{"embeddable":true,"href":"https:\/\/www.diocesidinuoro.it\/salute\/wp-json\/wp\/v2\/comments?post=19"}],"version-history":[{"count":1,"href":"https:\/\/www.diocesidinuoro.it\/salute\/wp-json\/wp\/v2\/posts\/19\/revisions"}],"predecessor-version":[{"id":33,"href":"https:\/\/www.diocesidinuoro.it\/salute\/wp-json\/wp\/v2\/posts\/19\/revisions\/33"}],"wp:featuredmedia":[{"embeddable":true,"href":"https:\/\/www.diocesidinuoro.it\/salute\/wp-json\/wp\/v2\/media\/20"}],"wp:attachment":[{"href":"https:\/\/www.diocesidinuoro.it\/salute\/wp-json\/wp\/v2\/media?parent=19"}],"wp:term":[{"taxonomy":"category","embeddable":true,"href":"https:\/\/www.diocesidinuoro.it\/salute\/wp-json\/wp\/v2\/categories?post=19"},{"taxonomy":"post_tag","embeddable":true,"href":"https:\/\/www.diocesidinuoro.it\/salute\/wp-json\/wp\/v2\/tags?post=19"}],"curies":[{"name":"wp","href":"https:\/\/api.w.org\/{rel}","templated":true}]}}