{"id":329,"date":"2025-05-17T11:02:58","date_gmt":"2025-05-17T09:02:58","guid":{"rendered":"https:\/\/www.diocesidinuoro.it\/salute\/?p=329"},"modified":"2025-05-17T11:05:33","modified_gmt":"2025-05-17T09:05:33","slug":"la-xxiv-giornata-del-sollievo","status":"publish","type":"post","link":"https:\/\/www.diocesidinuoro.it\/salute\/la-xxiv-giornata-del-sollievo\/","title":{"rendered":"La XXIV Giornata del Sollievo"},"content":{"rendered":"<p>Domenica\u00a0<strong>25 maggio 2025<\/strong>\u00a0si celebra la\u00a0<strong>XXIV Giornata Nazionale del Sollievo<\/strong>, istituita il 24 maggio 2001, con direttiva del presidente del Consiglio dei Ministri su proposta del Ministro della Salute pro tempore, prof. Umberto Veronesi, per \u00abpromuovere e testimoniare, attraverso idonea informazione e tramite iniziative di sensibilizzazione e solidariet\u00e0, la cultura del sollievo dalla sofferenza fisica e morale in favore di tutti coloro che stanno ultimando il loro percorso vitale, non potendo giovarsi di cure destinate alla guarigione\u00bb. La Giornata \u2013 si legge in una nota della Fondazione Ghirotti \u2013 ha una connotazione affermativa e propositiva: non \u00e8 \u201ccontro\u201d il dolore o la sofferenza ma \u201ca favore\u201d del sollievo. Il sollievo \u00e8 sempre possibile anche attraverso l\u2019umanizzazione delle cure in medicina. Nel corso degli anni l\u2019obiettivo della Giornata \u00e8 andato ampliandosi, abbracciando quasi tutte le condizioni di malattia e di sofferenza. Essa mira a sensibilizzare le istituzioni sanitarie e la societ\u00e0 civile a un nuovo modo di avanzare insieme. Obiettivi della Giornata del sollievo: informare, comprendere meglio e accompagnare i sofferenti, promuovere lo sviluppo di competenze che trasformate in azioni portano sollievo, focalizzare sui concetti specifici del prendersi cura anche con un intento educativo rivolto ai pi\u00f9 giovani, stimolare la collaborazione tra le professioni sanitarie, e non solo, impegnate nella cura dei malati e dei familiari.<\/p>\n<p>Ne sono promotori la\u00a0<strong>Fondazione Nazionale Gigi Ghirotti onlus<\/strong>, il Ministero della Salute, la Conferenza delle Regioni e delle Province autonome. Ogni anno aderiscono gli Uffici nazionali per la\u00a0<strong>Pastorale della salute e dell\u2019educazione, scuola e universit\u00e0 della Cei<\/strong>, Federsanit\u00e0, Associazione Medici Cattolici italiani, Associazione Religiosa Istituti Socio sanitari, Forum Terzo settore Lazio; Federazioni \/ Ordini delle professioni sanitarie: FNOMCeO, FIMMG, FNOPI, FEDERFARMA e FOFI; societ\u00e0 scientifiche: SICP, SIAARTI.<\/p>\n<p>La\u00a0<strong>Fondazione Nazionale Gigi Ghirotti<\/strong>, intitolata all\u2019insigne giornalista, sin dal 1975 (querst\u2019anno celebra i suoi 50 anni) \u00e8 impegnata alla diffusione di una cura dal volto pi\u00f9 umano, rispettosa della dignit\u00e0 della persona malata di tumore e dei suoi familiari. La Fondazione concretizza il suo impegno sociale con un<strong>\u00a0Centro di ascolto<\/strong>\u00a0che da venticinque anni offre gratuitamente e telefonicamente sostegno psico-oncologico grazie a donazioni libere dei cittadini. Il numero\u00a0<strong>06-8416464<\/strong>\u00a0<strong>\u00e8 attivo dal luned\u00ec al venerd\u00ec dalle 9.00 alle 18.00<\/strong>.<\/p>\n<p>Il messaggio di questa Giornata \u00e8 che\u00a0<strong>il diritto al sollievo \u00e8 un dovere<\/strong>\u00a0e che\u00a0<strong>curare per guarire \u00e8 spesso possibile, prendersi cura per il sollievo \u00e8 sempre possibile<\/strong>.<\/p>\n<ul class=\"wp-block-list\">\n<li><strong>Il diritto al sollievo \u00e8 un dovere.<\/strong>\u00a0La legge 38\/2010 sancisce il diritto dei cittadini ad accedere alla terapia del dolore e alle cure palliative definendo queste cure come un diritto inviolabile di ogni cittadino e pertanto \u00e8 un dovere rispettare la legge, attuarla in tutte le sue aricolazioni relative all\u2019organizzazione,\u00a0formazione, informazione e monitoraggio\u00a0sull\u2019applicazione della stessa legge. Ancora oggi la legge purtroppo rimane in gran parte inapplicata o applicata a macchia di leopardo sul terrirorio nazionale, creando in tal modo disparit\u00e0 di trattamento sia del dolore cronico e sia dei sintomi e bisogni in fase terminale di malattia.<\/li>\n<li>\u00a0<strong>Curare per guarire \u00e8 spesso possibile, prendersi cura per il sollievo \u00e8 sempre possibile.\u00a0<\/strong>\u00a0Atteggiamento e atto basilare per i medici, per le professioni sanitarie, come per chiunque si prenda cura di chi soffre, \u00e8 puntare al sollievo in ogni sua dimensione: fisica, psichica, spirituale e sociale e non solo alla guarigione, a maggior ragione quando quest\u2019ultima non \u00e8 pi\u00f9 raggiungibile, come accade nelle malattie in fase terminale.<\/li>\n<\/ul>\n<p>La ricorrenza della Giornata del sollievo \u2013 si legge nella nota \u2013 ci interpella e ci sprona a dare ascolto alle istanze delle associazioni di volontariato, ma anche degli enti operanti in ambito sanitario e degli operatori sanitari, uniti dal comune obiettivo di portare sollievo a chi sta affrontando la fase finale della vita per vedere attuato uniformemente quanto stabilito a livello normativo.<\/p>\n<p>Significativa, a tale riguardo, l\u2019esortazione di\u00a0<strong>Papa Francesco<\/strong>: \u00abI malati nella fase terminale della propria vita, e le loro famiglie, ricevano sempre la cura e l\u2019accompagnamento necessari \u2026 La risposta che ogni vita fragile silenziosamente sollecita \u00e8 quella della custodia\u00bb. Anche il\u00a0<strong>Presidente della Repubblica, Sergio Mattarella<\/strong>, ha recentemente sollecitato\u00a0\u00abuna spinta vigorosa per fare avanzare le cure palliative\u00bb.<br \/>\nNon si pu\u00f2 dunque non considerare l\u2019umanizzazione come uno degli obiettivi fondamentali di qualsiasi sistema sanitario che faccia del diritto alle cure e alla salute una conquista di civilt\u00e0.<\/p>\n<p>&nbsp;<\/p>\n<p><strong>In basso scarica la locandina dell&#8217;evento<\/strong><\/p>\n<hr class=\"wpba_attachment_hr\"><div id='wpba_attachment_list' class='wpba wpba-wrap'>\n<ul class='wpba-attachment-list unstyled'><li id='wpba_attachment_list_330' class='wpba-list-item pull-left'><img src='https:\/\/www.diocesidinuoro.it\/salute\/wp-content\/themes\/wp-starter-so\/icons\/document.png' width='16' height='20' class='wpba-icon pull-left'><a href='https:\/\/www.diocesidinuoro.it\/salute\/wp-content\/uploads\/sites\/7\/2025\/05\/Locandina_Fondazione-Ghirotti-XXIV-Giornata-del-Sollievo_2025.pdf' title='Locandina XXIV Giornata del Sollievo 2025' class='wpba-link pull-left' target=\"_blank\">Locandina XXIV Giornata del Sollievo 2025<\/a><\/li>\n<\/ul><\/div>\n","protected":false},"excerpt":{"rendered":"<p>Domenica\u00a025 maggio 2025\u00a0si celebra la\u00a0XXIV Giornata Nazionale del Sollievo, istituita il 24 maggio 2001, con direttiva del presidente del Consiglio dei Ministri su proposta del Ministro della Salute pro tempore, prof. Umberto Veronesi, per \u00abpromuovere e testimoniare, attraverso idonea informazione e tramite iniziative di sensibilizzazione e solidariet\u00e0, la cultura del sollievo dalla sofferenza fisica e morale in favore di tutti coloro che stanno ultimando il &hellip; <a href=\"https:\/\/www.diocesidinuoro.it\/salute\/la-xxiv-giornata-del-sollievo\/\" class=\"more-link\">Continua a leggere <span class=\"screen-reader-text\"><\/span> <span class=\"meta-nav\">&raquo;<\/span><\/a><\/p>\n","protected":false},"author":0,"featured_media":331,"comment_status":"closed","ping_status":"closed","sticky":false,"template":"","format":"standard","meta":{"_acf_changed":false,"ip_address":"","user_agent":"","level":"","revision":"","cookie_id":"","page_referer":"","html_form":"","footnotes":""},"categories":[2],"tags":[],"acf":[],"_links":{"self":[{"href":"https:\/\/www.diocesidinuoro.it\/salute\/wp-json\/wp\/v2\/posts\/329"}],"collection":[{"href":"https:\/\/www.diocesidinuoro.it\/salute\/wp-json\/wp\/v2\/posts"}],"about":[{"href":"https:\/\/www.diocesidinuoro.it\/salute\/wp-json\/wp\/v2\/types\/post"}],"author":[{"embeddable":true,"href":"https:\/\/www.diocesidinuoro.it\/salute\/wp-json\/wp\/v2\/users\/7"}],"replies":[{"embeddable":true,"href":"https:\/\/www.diocesidinuoro.it\/salute\/wp-json\/wp\/v2\/comments?post=329"}],"version-history":[{"count":2,"href":"https:\/\/www.diocesidinuoro.it\/salute\/wp-json\/wp\/v2\/posts\/329\/revisions"}],"predecessor-version":[{"id":333,"href":"https:\/\/www.diocesidinuoro.it\/salute\/wp-json\/wp\/v2\/posts\/329\/revisions\/333"}],"wp:featuredmedia":[{"embeddable":true,"href":"https:\/\/www.diocesidinuoro.it\/salute\/wp-json\/wp\/v2\/media\/331"}],"wp:attachment":[{"href":"https:\/\/www.diocesidinuoro.it\/salute\/wp-json\/wp\/v2\/media?parent=329"}],"wp:term":[{"taxonomy":"category","embeddable":true,"href":"https:\/\/www.diocesidinuoro.it\/salute\/wp-json\/wp\/v2\/categories?post=329"},{"taxonomy":"post_tag","embeddable":true,"href":"https:\/\/www.diocesidinuoro.it\/salute\/wp-json\/wp\/v2\/tags?post=329"}],"curies":[{"name":"wp","href":"https:\/\/api.w.org\/{rel}","templated":true}]}}